{"id":493795,"date":"2020-09-13T10:42:34","date_gmt":"2020-09-13T14:42:34","guid":{"rendered":"https:\/\/diarioelpopular.com\/?p=493795"},"modified":"2020-09-13T10:42:34","modified_gmt":"2020-09-13T14:42:34","slug":"arde-la-crisis-politica-jaque-a-martin-vizcarra","status":"publish","type":"post","link":"https:\/\/diarioelpopular.com\/index.php\/2020\/09\/13\/arde-la-crisis-politica-jaque-a-martin-vizcarra\/","title":{"rendered":"Arde la crisis pol\u00edtica, jaque a Mart\u00edn Vizcarra"},"content":{"rendered":"<div id=\"attachment_493796\" style=\"width: 310px\" class=\"wp-caption alignnone\"><img loading=\"lazy\" decoding=\"async\" aria-describedby=\"caption-attachment-493796\" class=\"size-medium wp-image-493796\" src=\"https:\/\/diarioelpopular.com\/wp-content\/uploads\/2020\/09\/74b79a6734f42a94846cd9319e393800-300x200.jpg\" alt=\"\" width=\"300\" height=\"200\" \/><p id=\"caption-attachment-493796\" class=\"wp-caption-text\"><em>El futuro pol\u00edtico de Per\u00fa, en manos del Congreso unicameral.<\/em><\/p><\/div>\n<h4><em><strong>Fiscal\u00eda investiga y los militares en medio del entuerto<\/strong><\/em><\/h4>\n<p><em><strong>LIMA 13 SEPT &#8211;<\/strong><\/em> El esc\u00e1ndalo pol\u00edtico va en aumento en Per\u00fa, mientras la Fiscal\u00eda Nacional allana viviendas de funcionarios investigados por presunta corrupci\u00f3n en la contrataci\u00f3n de un cantante, lo que puede causar la ca\u00edda del presidente Mart\u00edn Vizcarra.<br \/>\nEl caso provoc\u00f3 que el Congreso aprobara el viernes someter a un juicio de destituci\u00f3n contra el mandatario, un caso que ya afecta a una econom\u00eda en recesi\u00f3n por la pandemia de Covid-19.<br \/>\nPor su parte, el gobierno contraatac\u00f3 y acus\u00f3 al jefe del Congreso unicameral, Manuel Merino, quien debe asumir el poder si Vizcarra es destituido, de haber tomado irregularmente contacto con jefes militares para involucrarlos en el proceso contra el mandatario.<br \/>\nMerino, fue acusado por el gobierno de tratar de involucrar a las fuerzas armadas en el proceso destituci\u00f3n en curso. &#8220;Hemos sido testigos de un hecho grav\u00edsimo&#8221;, declar\u00f3 el primer ministro, Walter Martos, un general retirado del Ej\u00e9rcito.<br \/>\n&#8220;La actitud del presidente del Congreso ha sido temeraria (&#8230;). Las Fuerzas Armadas no son deliberantes&#8221;, afirm\u00f3 el ministro de Defensa, Jorge Ch\u00e1vez, tambi\u00e9n general en retiro, quien habl\u00f3 para los medios junto a Martos.<br \/>\nMerino se defendi\u00f3 diciendo en rueda de prensa que &#8220;se ha tratado de confundir a la poblaci\u00f3n, haciendo creer que hay un complot&#8221;.<br \/>\nEn tanto, entre las viviendas registradas por fiscales y polic\u00edas figura la de la secretaria general de la presidencia peruana y asistente personal de Vizcarra, Miriam Morales, la funcionaria m\u00e1s cercana al mandatario investigada por este caso.<br \/>\nTambi\u00e9n fueron allanados los domicilios de la asistente del despacho presidencial, Karem Roca, y del cantante Richard Cisneros, protagonista del esc\u00e1ndalo y aparentemente beneficiado con contrataciones sobrevaluadas.<br \/>\nTanto Morales como Roca son figuras claves en unos audios en los que se escucha a Vizcarra hablando sobre el esc\u00e1ndalo e incit\u00e1ndolas a mentir ante la comisi\u00f3n parlamentaria que investiga el caso.<br \/>\nLa difusi\u00f3n de las grabaciones llev\u00f3 a seis de los nueve partidos representados en el Congreso a exigir la remoci\u00f3n de Vizcarra, quien asumi\u00f3 el poder en marzo de 2018 tras la dimisi\u00f3n de Pedro Pablo Kuczynski tambi\u00e9n salpicado en un caso de corrupci\u00f3n, y de quien era vicepresidente.<br \/>\nEs que esos audios son la base de la acusaci\u00f3n del Congreso, que necesita 87 votos de un total de 130 para destituir al mandatario y que, seg\u00fan algunos analistas, dif\u00edcilmente se alcance aunque la crisis puede tener derivaciones inesperadas.<br \/>\nLa situaci\u00f3n, incluso, ha tenido repercusiones regionales.<br \/>\nEs que los presidentes de Bolivia (Jeanine A\u00f1ez) , Colombia (Iv\u00e1n Duque) y Ecuador (Len\u00edn Moreno), que integran la Comunidad Andina junto a Per\u00fa, exhortaron a evitar la destituci\u00f3n en un contexto de emergencia santaria por la pandemia.<br \/>\n&#8220;Invocamos a sus autoridades a evitar acciones que podr\u00edan poner en riesgo el leg\u00edtimo ejercicio del poder y el proceso pol\u00edtico institucional democr\u00e1tico&#8221; en Per\u00fa, dice un comunicado firmado por los tres mandatarios.<br \/>\nVizcarra, que carece de partido y bancada, deber\u00e1 comparecer el 18 de septiembre ante el plenario del Congreso para presentar sus descargos, tras lo cual los legisladores debatir\u00e1n y proceder\u00e1n a votar si lo destituyen o no.<\/p>\n","protected":false},"excerpt":{"rendered":"<p>Fiscal\u00eda investiga y los militares en medio del entuerto LIMA 13 SEPT &#8211; El esc\u00e1ndalo pol\u00edtico va en aumento en Per\u00fa, mientras la Fiscal\u00eda Nacional&hellip;<\/p>\n","protected":false},"author":99,"featured_media":0,"comment_status":"open","ping_status":"open","sticky":false,"template":"","format":"standard","meta":{"footnotes":""},"categories":[23],"tags":[],"class_list":["post-493795","post","type-post","status-publish","format-standard","hentry","category-latinoamerica"],"_links":{"self":[{"href":"https:\/\/diarioelpopular.com\/index.php\/wp-json\/wp\/v2\/posts\/493795","targetHints":{"allow":["GET"]}}],"collection":[{"href":"https:\/\/diarioelpopular.com\/index.php\/wp-json\/wp\/v2\/posts"}],"about":[{"href":"https:\/\/diarioelpopular.com\/index.php\/wp-json\/wp\/v2\/types\/post"}],"author":[{"embeddable":true,"href":"https:\/\/diarioelpopular.com\/index.php\/wp-json\/wp\/v2\/users\/99"}],"replies":[{"embeddable":true,"href":"https:\/\/diarioelpopular.com\/index.php\/wp-json\/wp\/v2\/comments?post=493795"}],"version-history":[{"count":1,"href":"https:\/\/diarioelpopular.com\/index.php\/wp-json\/wp\/v2\/posts\/493795\/revisions"}],"predecessor-version":[{"id":493797,"href":"https:\/\/diarioelpopular.com\/index.php\/wp-json\/wp\/v2\/posts\/493795\/revisions\/493797"}],"wp:attachment":[{"href":"https:\/\/diarioelpopular.com\/index.php\/wp-json\/wp\/v2\/media?parent=493795"}],"wp:term":[{"taxonomy":"category","embeddable":true,"href":"https:\/\/diarioelpopular.com\/index.php\/wp-json\/wp\/v2\/categories?post=493795"},{"taxonomy":"post_tag","embeddable":true,"href":"https:\/\/diarioelpopular.com\/index.php\/wp-json\/wp\/v2\/tags?post=493795"}],"curies":[{"name":"wp","href":"https:\/\/api.w.org\/{rel}","templated":true}]}}