{"id":493809,"date":"2020-09-14T16:17:03","date_gmt":"2020-09-14T20:17:03","guid":{"rendered":"https:\/\/diarioelpopular.com\/?p=493809"},"modified":"2020-09-14T16:17:03","modified_gmt":"2020-09-14T20:17:03","slug":"contraataque-juridico-de-vizcarra","status":"publish","type":"post","link":"https:\/\/diarioelpopular.com\/index.php\/2020\/09\/14\/contraataque-juridico-de-vizcarra\/","title":{"rendered":"Contraataque jur\u00eddico de Vizcarra"},"content":{"rendered":"<div id=\"attachment_493810\" style=\"width: 310px\" class=\"wp-caption alignnone\"><img loading=\"lazy\" decoding=\"async\" aria-describedby=\"caption-attachment-493810\" class=\"size-medium wp-image-493810\" src=\"https:\/\/diarioelpopular.com\/wp-content\/uploads\/2020\/09\/548b0d82f55ac4a27c7e1b01850bb46d-300x200.jpg\" alt=\"\" width=\"300\" height=\"200\" \/><p id=\"caption-attachment-493810\" class=\"wp-caption-text\"><em>Mart\u00edn Vizcarra, presidente de Per\u00fa<\/em><br \/><em>(foto: EPA)<\/em><\/p><\/div>\n<h4><em><strong>El gobierno intenta frenar declaraci\u00f3n de vacancia presidencial<\/strong><\/em><\/h4>\n<p><em><strong>LIMA 14 SEPT &#8211;<\/strong><\/em> El gobierno de Per\u00fa, encabezado por Mart\u00edn Vizcarra, comenz\u00f3 a defenderse con artilugios jur\u00eddico de la embestida de bancadas opositoras, que avanzan en la posibilidad de juicio pol\u00edtico y eventual destituci\u00f3n (vacancia presidencial) del m\u00e1ximo mandatario por presuntos actos de corrupci\u00f3n.<br \/>\nEl procurador Luis Huerta se present\u00f3 hoy ante el Tribunal Constitucional para hacer una presentaci\u00f3n formal que sostiene la imposibilidad de la acci\u00f3n contra Vizcarra a partir de que trabar\u00eda su capacidad para gobernar.<br \/>\nEste recurso fue interpuesto contra el Parlamento por el presunto &#8220;uso indebido de la competencia para declarar la vacancia presidencial por permanente incapacidad moral&#8221;.<br \/>\nEl documento se\u00f1ala que el proceso iniciado contra el mandatario peruano afecta su competencia para dirigir la pol\u00edtica general del Gobierno y la de los ministros para ejecutar dicha pol\u00edtica. Asimismo, aclara que la demanda no tiene por objetivo establecer argumentos de defensa del presidente con relaci\u00f3n a los hechos e imputaciones contenidas en la moci\u00f3n 12090, sino lograr que el Tribunal Constitucional garantice el ejercicio de las competencias que la Constituci\u00f3n le otorga al Ejecutivo.<br \/>\n&#8220;Evitando a su vez que (la vacancia presidencial, NDR) sea empleada de forma arbitraria como mecanismo de control pol\u00edtico y sanci\u00f3n para dar por concluido de forma anticipada un mandato presidencial&#8221;, sostiene el fundamento.<br \/>\nVizcarra est\u00e1 bajo jaque. El Congreso peruano aprob\u00f3 en la noche del viernes la moci\u00f3n de censura contra el presidente, una iniciativa fue aprobada con 65 votos a favor, 36 en contra y 24 abstenciones.<br \/>\nEl mandatario est\u00e1 acusado de &#8220;incapacidad moral&#8221; por supuestamente pedir a sus asesores que mintieran en una investigaci\u00f3n parlamentaria sobre un pol\u00e9mico contrato con un cantante, a quien presuntamente se benefici\u00f3 con pagos exagerados.<br \/>\nLa decisi\u00f3n implica que Vizcarra deber\u00e1 comparecer ante el pleno del \u00f3rgano legislativo en una sesi\u00f3n convocada en un plazo de hasta 10 d\u00edas y all\u00ed defender su inocencia. Entonces, al menos 87 de los 130 miembros del Congreso tendr\u00e1n que votar a favor de su destituci\u00f3n para que esta se formalice, un n\u00famero que observadores locales consideran dif\u00edcil de alcanzar.<br \/>\nVizcarra acept\u00f3 este domingo la renuncia que Mirian Morales &#8211; una de las protagonistas de los audios del esc\u00e1ndalo de &#8220;Richard Swing&#8221;- present\u00f3 a la Secretar\u00eda General de su despacho, cargo que ocupaba desde marzo de 2018, cuando el entonces vicepresidente jur\u00f3 como mandatario.<br \/>\nLa abogada present\u00f3 su dimisi\u00f3n luego de que su casa fuera allanada por el Ministerio P\u00fablico, seg\u00fan informaron fuentes del gobierno al diario El Comercio.<br \/>\nLas mismas fuentes indicaron que Morales se ha puesto a disposici\u00f3n de la fiscal\u00eda para colaborar con todas las investigaciones sobre los contratos que obtuvo el cantante Richard Cisneros, conocido como &#8220;Richard Swing&#8221;, en el Ministerio de Cultura entre el 2018 y 2020.<br \/>\nEn tanto, en medio de la crisis pol\u00edtica -que se suma a la sanitaria por la pandemia y a la econ\u00f3mica- el Congreso decid\u00eda hoy el destino de otro personaje clave en el Gobierno: la ministra de Econom\u00eda y Finanzas, Mar\u00eda Antonieta Alva.<br \/>\nLa idea de los legisladores es debatir el pedido de censura que presentaron legisladores de cuatro bancadas.<\/p>\n","protected":false},"excerpt":{"rendered":"<p>El gobierno intenta frenar declaraci\u00f3n de vacancia presidencial LIMA 14 SEPT &#8211; El gobierno de Per\u00fa, encabezado por Mart\u00edn Vizcarra, comenz\u00f3 a defenderse con artilugios&hellip;<\/p>\n","protected":false},"author":99,"featured_media":0,"comment_status":"open","ping_status":"open","sticky":false,"template":"","format":"standard","meta":{"footnotes":""},"categories":[23],"tags":[],"class_list":["post-493809","post","type-post","status-publish","format-standard","hentry","category-latinoamerica"],"_links":{"self":[{"href":"https:\/\/diarioelpopular.com\/index.php\/wp-json\/wp\/v2\/posts\/493809","targetHints":{"allow":["GET"]}}],"collection":[{"href":"https:\/\/diarioelpopular.com\/index.php\/wp-json\/wp\/v2\/posts"}],"about":[{"href":"https:\/\/diarioelpopular.com\/index.php\/wp-json\/wp\/v2\/types\/post"}],"author":[{"embeddable":true,"href":"https:\/\/diarioelpopular.com\/index.php\/wp-json\/wp\/v2\/users\/99"}],"replies":[{"embeddable":true,"href":"https:\/\/diarioelpopular.com\/index.php\/wp-json\/wp\/v2\/comments?post=493809"}],"version-history":[{"count":1,"href":"https:\/\/diarioelpopular.com\/index.php\/wp-json\/wp\/v2\/posts\/493809\/revisions"}],"predecessor-version":[{"id":493811,"href":"https:\/\/diarioelpopular.com\/index.php\/wp-json\/wp\/v2\/posts\/493809\/revisions\/493811"}],"wp:attachment":[{"href":"https:\/\/diarioelpopular.com\/index.php\/wp-json\/wp\/v2\/media?parent=493809"}],"wp:term":[{"taxonomy":"category","embeddable":true,"href":"https:\/\/diarioelpopular.com\/index.php\/wp-json\/wp\/v2\/categories?post=493809"},{"taxonomy":"post_tag","embeddable":true,"href":"https:\/\/diarioelpopular.com\/index.php\/wp-json\/wp\/v2\/tags?post=493809"}],"curies":[{"name":"wp","href":"https:\/\/api.w.org\/{rel}","templated":true}]}}