{"id":493812,"date":"2020-09-15T09:38:12","date_gmt":"2020-09-15T13:38:12","guid":{"rendered":"https:\/\/diarioelpopular.com\/?p=493812"},"modified":"2020-09-15T09:38:12","modified_gmt":"2020-09-15T13:38:12","slug":"una-cuarta-parte-de-los-canadienses-creen-que-las-advertencias-de-coronavirus-de-los-funcionarios-son-exageradas-encuesta","status":"publish","type":"post","link":"https:\/\/diarioelpopular.com\/index.php\/2020\/09\/15\/una-cuarta-parte-de-los-canadienses-creen-que-las-advertencias-de-coronavirus-de-los-funcionarios-son-exageradas-encuesta\/","title":{"rendered":"Una cuarta parte de los canadienses creen que las advertencias de coronavirus de los funcionarios son exageradas: encuesta"},"content":{"rendered":"<h4><img loading=\"lazy\" decoding=\"async\" class=\"alignnone size-medium wp-image-493813\" src=\"https:\/\/diarioelpopular.com\/wp-content\/uploads\/2020\/09\/Screen-Shot-2020-09-15-at-9.30.47-AM-300x163.png\" alt=\"\" width=\"300\" height=\"163\" \/><\/h4>\n<h4><em><strong>Una nueva encuesta sugiere que hay canadienses que creen que las advertencias de los funcionarios p\u00fablicos sobre la amenaza del COVID-19 son muy exageradas.<\/strong><\/em><\/h4>\n<p><em><strong>OTTAWA.-<\/strong><\/em> Casi una cuarta parte de los encuestados en una encuesta en l\u00ednea hecha p\u00fablica este martes por Leger y la Asociaci\u00f3n de Estudios Canadienses dicen que creen que la salud p\u00fablica y los funcionarios del gobierno exageran en sus advertencias, incluida la necesidad de medidas como el distanciamiento f\u00edsico para frenar la propagaci\u00f3n de la pandemia.<\/p>\n<p>A nivel regional, los encuestados en Alberta eran m\u00e1s propensos a creer que la amenaza estaba embellecida, seguidos por el Atl\u00e1ntico canadiense y Quebec, con Ontario al final.<\/p>\n<p>Desglosados \u200b\u200bpor edad, los encuestados m\u00e1s j\u00f3venes eran m\u00e1s propensos que los mayores de 55 a creer que las declaraciones estaban siendo exageradas.<\/p>\n<p>La encuesta en l\u00ednea se realiz\u00f3 del 11 al 13 de septiembre y entrevist\u00f3 a 1.539 canadienses adultos. No se le puede asignar un margen de error porque las encuestas realizadas en Internet no se consideran muestras aleatorias.<\/p>\n<p>El vicepresidente ejecutivo de Leger, Christian Bourque, dice que los resultados pueden explicar algo m\u00e1s que surgi\u00f3 en la encuesta: que la mayor\u00eda de los encuestados dijeron que han relajado cu\u00e1n estrictamente se adhieren a las recomendaciones de salud p\u00fablica.<\/p>\n<p>Entre esas recomendaciones se encuentran cosas como usar una m\u00e1scara en p\u00fablico, evitar grandes reuniones y tratar de mantener una distancia de dos metros entre las personas.<\/p>\n<p>\u201cHay un v\u00ednculo. Si cree que estamos exagerando la enfermedad, es m\u00e1s probable que se haya relajado en su estricto cumplimiento de las reglas vigentes&#8221;, dice Bourque.<\/p>\n<p>Aproximadamente el 57 por ciento de los encuestados en la encuesta dijeron que hab\u00edan facilitado su adhesi\u00f3n a una o m\u00e1s de las medidas de seguridad de salud p\u00fablica durante el \u00faltimo mes.<\/p>\n<p>El distanciamiento f\u00edsico adecuado fue el que m\u00e1s probablemente se relaj\u00f3 en el 37 por ciento de los encuestados, seguido de usar una m\u00e1scara fuera del hogar en el 33 por ciento y no reunirse en grupos grandes en el 31 por ciento.<\/p>\n<p>Los encuestados de entre 18 y 34 a\u00f1os fueron los m\u00e1s propensos a haberse relajado sobre qu\u00e9 tan de cerca siguieron las medidas, y casi tres cuartas partes de ellos dijeron que lo hab\u00edan hecho en el \u00faltimo mes.<\/p>\n<p>Durante el \u00faltimo mes, el n\u00famero de casos de j\u00f3venes ha aumentado, y el director de salud p\u00fablica de Canad\u00e1 advirti\u00f3 nuevamente el lunes que el pa\u00eds no puede bajar la guardia.<\/p>\n<p>Las preguntas semanales tambi\u00e9n muestran un aumento en el porcentaje de encuestados que cre\u00edan que lo peor de la crisis a\u00fan estaba por llegar, que lleg\u00f3 al 45 por ciento el 13 de septiembre, el nivel m\u00e1s alto desde el 13 de abril.<br \/>\nCasi dos tercios de los encuestados en la encuesta creen que el pa\u00eds est\u00e1 regresando a alg\u00fan tipo de bloqueo, similar a lo que sucedi\u00f3 en marzo y abril.<\/p>\n<p>Qu\u00e9 tan de cerca siguen los canadienses las recomendaciones de salud p\u00fablica puede depender de qu\u00e9 tan pronto los funcionarios declaren el comienzo de una segunda ola, dijo Bourque, o si las jurisdicciones toman medidas en\u00e9rgicas contra esas reglas que rompen, como Quebec comenz\u00f3 a hacer en los \u00faltimos d\u00edas.<\/p>\n<p>&#8220;No estamos en este momento crucial en el que la gente siente que tenemos que volver a como sol\u00edamos ser, donde b\u00e1sicamente los canadienses eran ejemplares en t\u00e9rminos de seguir las medidas de seguridad implementadas&#8221;, dijo.<\/p>\n","protected":false},"excerpt":{"rendered":"<p>Una nueva encuesta sugiere que hay canadienses que creen que las advertencias de los funcionarios p\u00fablicos sobre la amenaza del COVID-19 son muy exageradas. OTTAWA.-&hellip;<\/p>\n","protected":false},"author":99,"featured_media":0,"comment_status":"open","ping_status":"open","sticky":false,"template":"","format":"standard","meta":{"footnotes":""},"categories":[21,11191],"tags":[],"class_list":["post-493812","post","type-post","status-publish","format-standard","hentry","category-canada","category-top-news"],"_links":{"self":[{"href":"https:\/\/diarioelpopular.com\/index.php\/wp-json\/wp\/v2\/posts\/493812","targetHints":{"allow":["GET"]}}],"collection":[{"href":"https:\/\/diarioelpopular.com\/index.php\/wp-json\/wp\/v2\/posts"}],"about":[{"href":"https:\/\/diarioelpopular.com\/index.php\/wp-json\/wp\/v2\/types\/post"}],"author":[{"embeddable":true,"href":"https:\/\/diarioelpopular.com\/index.php\/wp-json\/wp\/v2\/users\/99"}],"replies":[{"embeddable":true,"href":"https:\/\/diarioelpopular.com\/index.php\/wp-json\/wp\/v2\/comments?post=493812"}],"version-history":[{"count":1,"href":"https:\/\/diarioelpopular.com\/index.php\/wp-json\/wp\/v2\/posts\/493812\/revisions"}],"predecessor-version":[{"id":493814,"href":"https:\/\/diarioelpopular.com\/index.php\/wp-json\/wp\/v2\/posts\/493812\/revisions\/493814"}],"wp:attachment":[{"href":"https:\/\/diarioelpopular.com\/index.php\/wp-json\/wp\/v2\/media?parent=493812"}],"wp:term":[{"taxonomy":"category","embeddable":true,"href":"https:\/\/diarioelpopular.com\/index.php\/wp-json\/wp\/v2\/categories?post=493812"},{"taxonomy":"post_tag","embeddable":true,"href":"https:\/\/diarioelpopular.com\/index.php\/wp-json\/wp\/v2\/tags?post=493812"}],"curies":[{"name":"wp","href":"https:\/\/api.w.org\/{rel}","templated":true}]}}