{"id":493815,"date":"2020-09-15T09:42:26","date_gmt":"2020-09-15T13:42:26","guid":{"rendered":"https:\/\/diarioelpopular.com\/?p=493815"},"modified":"2020-09-15T09:42:26","modified_gmt":"2020-09-15T13:42:26","slug":"el-77-de-maestros-en-chile-sufre-estres","status":"publish","type":"post","link":"https:\/\/diarioelpopular.com\/index.php\/2020\/09\/15\/el-77-de-maestros-en-chile-sufre-estres\/","title":{"rendered":"El 77% de maestros en Chile sufre estr\u00e9s"},"content":{"rendered":"<div id=\"attachment_493816\" style=\"width: 310px\" class=\"wp-caption alignnone\"><img loading=\"lazy\" decoding=\"async\" aria-describedby=\"caption-attachment-493816\" class=\"size-medium wp-image-493816\" src=\"https:\/\/diarioelpopular.com\/wp-content\/uploads\/2020\/09\/4f63a9eadf21c99954bebab8347eaae8-300x200.jpg\" alt=\"\" width=\"300\" height=\"200\" \/><p id=\"caption-attachment-493816\" class=\"wp-caption-text\"><em>Maestros se someten a tests de coronavirus (foto: EPA)<\/em><\/p><\/div>\n<h4><em><strong>Agobio y alteraci\u00f3n del sue\u00f1o, entre los principales s\u00edntomas<\/strong><\/em><\/h4>\n<p><em><strong>SANTIAGO DEL CILE, 15 SET &#8211;<\/strong><\/em> Un alto estr\u00e9s afecta a un 77% de los profesores debido a las lecciones on line, lo que increment\u00f3 el debate sobre si este a\u00f1o se reanudar\u00e1n o no las clases presenciales en un Chile tensionado por la pandemia del coronavirus.<br \/>\nUna encuesta de Elige Educar a m\u00e1s de 4.000 maestros sobre los efectos de la pandemia en su vida personal revel\u00f3 que siete de cada diez dijo estar &#8220;afectado&#8221; y &#8220;bastante afectado&#8221;, siendo las mujeres las m\u00e1s perjudicadas con un 80%.<br \/>\nSeg\u00fan la muestra, los principales s\u00edntomas de esta crisis de salud mental en los profesores son el agobio con un 87%, alteraci\u00f3n del sue\u00f1o con un 83%, dificultad para disfrutar sus actividades diarias con un 72%, disminuci\u00f3n de su felicidad en un 67% y falta de concentraci\u00f3n con un 62%.<br \/>\nEl estudio indic\u00f3, asimismo, que un 44% de los maestros report\u00f3 s\u00edntomas &#8220;indicativos de presencia de psicopatolog\u00edas&#8221; mientras que un 25% se\u00f1al\u00f3 tener &#8220;sospecha de psicopatolog\u00eda&#8221;.<br \/>\n&#8220;Este formato de trabajo a distancia es muy exigente. Los profesores trabajamos el doble o el triple: no hay casi tiempo de descanso, se est\u00e1 permanentemente en funci\u00f3n del trabajo&#8221;, dijo Mario Aguilar, presidente del Colegio de Profesores.<br \/>\n&#8220;El formato es agobiante. No hay suficiente descanso, hay que dedicar mucho tiempo a buscar formas de trabajo, est\u00e1 la presi\u00f3n sicol\u00f3gica de los estudiantes que no se conectan, hay que atender apoderados hasta altas horas de la noche&#8221;, precis\u00f3 el dirigente del Magisterio.<br \/>\nSeg\u00fan Aguilar, estas dificultades se suman &#8220;al temor de enfermar y a que tenemos padres y familiares adultos mayores a quienes cuidar, adem\u00e1s de atender la casa y a hijos, algunos en edad escolar&#8221;.<br \/>\nA juicio del presidente de los profesores, la crisis educacional derivada de la pandemia &#8220;es una de las m\u00e1s severas de la historia chilena con un a\u00f1o completo sin clases y sin funcionamiento de los colegios&#8221;.<br \/>\nY la crisis &#8220;la ha enfrentado fundamentalmente el profesorado, muchos pagando de sus bolsillos el costo de ella.<br \/>\nHan tenido que pagar el mejoramiento de su conectividad, contratar planes de m\u00e1s alto costo, comprar tel\u00e9fonos y dispositivos para hacer sus clases y hacer adaptaciones en sus casas&#8221;, detall\u00f3.<br \/>\nAun as\u00ed, el dirigente cree que la mejor alternativa para finalizar el a\u00f1o acad\u00e9mico es &#8220;mantener el formato a distancia&#8221;.<br \/>\n&#8220;Yo rechazo las presiones gubernamentales que por un retorno a clases presenciales cuando no est\u00e1n las condiciones&#8221;, afirm\u00f3.<br \/>\nAguilar demand\u00f3 &#8220;m\u00e1s apoyo para el profesorado y para las familias y los estudiantes que no tienen posibilidades de buena conexi\u00f3n. All\u00ed habr\u00eda que focalizar el esfuerzo en lo que resta del a\u00f1o&#8221;, subray\u00f3.<br \/>\nEl director ejecutivo de Elige Educar, Joaqu\u00edn Walker, declar\u00f3 a radio B\u00edo B\u00edo que los resultados de la encuesta son una alerta para el sistema educacional que debe ofrecer m\u00e1s apoyo en salud mental y desarrollo socioemocional a los maestros.<br \/>\nSeg\u00fan Walker es clave preparar el sistema para una vuelta a clases semi presencial y para lo que tendr\u00e1n que enfrentar los profesores, directivos y educadores de p\u00e1rvulos a contar del pr\u00f3ximo a\u00f1o.<br \/>\nOtra encuesta, efectuada por Plaza P\u00fablica Cadem, revel\u00f3 que un 36% de los consultados cree que debe darse por terminado el a\u00f1o escolar 2020 y que a todos los estudiantes se le d\u00e9 dar por aprobado el per\u00edodo.<br \/>\nUn 58% cree que deben mantenerse las clases online y solo un 4% opina que la asistencia presencial debiera retomarse tras las fiestas patrias de septiembre o durante octubre pr\u00f3ximo.<br \/>\nUn 52% est\u00e1 de acuerdo con buscar soluciones para que los estudiantes de comunas donde no hay casos de la enfermedad puedan retomar las clases presenciales.<br \/>\nEl \u00faltimo informe del gobierno sobre la pandemia inform\u00f3 hoy un total de 12.013 decesos desde el inicio de la pandemia con un balance general de 436.433 personas que se han infectado desde el 3 de marzo pasado. Los casos activos alcanzaron este lunes a 16.695.<\/p>\n","protected":false},"excerpt":{"rendered":"<p>Agobio y alteraci\u00f3n del sue\u00f1o, entre los principales s\u00edntomas SANTIAGO DEL CILE, 15 SET &#8211; Un alto estr\u00e9s afecta a un 77% de los profesores&hellip;<\/p>\n","protected":false},"author":99,"featured_media":0,"comment_status":"open","ping_status":"open","sticky":false,"template":"","format":"standard","meta":{"footnotes":""},"categories":[23],"tags":[],"class_list":["post-493815","post","type-post","status-publish","format-standard","hentry","category-latinoamerica"],"_links":{"self":[{"href":"https:\/\/diarioelpopular.com\/index.php\/wp-json\/wp\/v2\/posts\/493815","targetHints":{"allow":["GET"]}}],"collection":[{"href":"https:\/\/diarioelpopular.com\/index.php\/wp-json\/wp\/v2\/posts"}],"about":[{"href":"https:\/\/diarioelpopular.com\/index.php\/wp-json\/wp\/v2\/types\/post"}],"author":[{"embeddable":true,"href":"https:\/\/diarioelpopular.com\/index.php\/wp-json\/wp\/v2\/users\/99"}],"replies":[{"embeddable":true,"href":"https:\/\/diarioelpopular.com\/index.php\/wp-json\/wp\/v2\/comments?post=493815"}],"version-history":[{"count":1,"href":"https:\/\/diarioelpopular.com\/index.php\/wp-json\/wp\/v2\/posts\/493815\/revisions"}],"predecessor-version":[{"id":493817,"href":"https:\/\/diarioelpopular.com\/index.php\/wp-json\/wp\/v2\/posts\/493815\/revisions\/493817"}],"wp:attachment":[{"href":"https:\/\/diarioelpopular.com\/index.php\/wp-json\/wp\/v2\/media?parent=493815"}],"wp:term":[{"taxonomy":"category","embeddable":true,"href":"https:\/\/diarioelpopular.com\/index.php\/wp-json\/wp\/v2\/categories?post=493815"},{"taxonomy":"post_tag","embeddable":true,"href":"https:\/\/diarioelpopular.com\/index.php\/wp-json\/wp\/v2\/tags?post=493815"}],"curies":[{"name":"wp","href":"https:\/\/api.w.org\/{rel}","templated":true}]}}