{"id":493833,"date":"2020-09-16T10:51:43","date_gmt":"2020-09-16T14:51:43","guid":{"rendered":"https:\/\/diarioelpopular.com\/?p=493833"},"modified":"2020-09-16T10:51:43","modified_gmt":"2020-09-16T14:51:43","slug":"gobierno-reconoce-arrepentimiento-de-farc","status":"publish","type":"post","link":"https:\/\/diarioelpopular.com\/index.php\/2020\/09\/16\/gobierno-reconoce-arrepentimiento-de-farc\/","title":{"rendered":"Gobierno reconoce arrepentimiento de FARC"},"content":{"rendered":"<div id=\"attachment_493834\" style=\"width: 310px\" class=\"wp-caption alignnone\"><img loading=\"lazy\" decoding=\"async\" aria-describedby=\"caption-attachment-493834\" class=\"size-medium wp-image-493834\" src=\"https:\/\/diarioelpopular.com\/wp-content\/uploads\/2020\/09\/c139855f362787b6da8755610f4881c7-300x204.jpg\" alt=\"\" width=\"300\" height=\"204\" \/><p id=\"caption-attachment-493834\" class=\"wp-caption-text\"><em>Miembros de las FARC (foto: EPA)<\/em><\/p><\/div>\n<h4><strong><em>Tanta verdad empieza a asquear a &#8220;Timochenko&#8221;<\/em><\/strong><\/h4>\n<p><em><strong>BOGOT\u00c1, 16 SET &#8211;<\/strong> <\/em>Funcionarios del gobierno colombiano reconocieron las manifestaciones de arrepentimiento y reconocimiento del error que fue el secuestro por parte de los antiguos dirigentes de las narcoterroristas FARC.<br \/>\n&#8220;Es un avance significativo, un avance importante en la reconciliaci\u00f3n, en el reconocimiento de la verdad&#8221;, manifest\u00f3 Emilio Archila, consejero presidencial para la Estabilizaci\u00f3n y la Consolidaci\u00f3n del acuerdo de paz, pero reclam\u00f3 que esa misma actitud la tengan los ex guerrilleros frente a otros temas.<br \/>\nPor su parte, Miguel Ceballos, alto comisionado para la paz, asegur\u00f3 que es &#8220;importante que el partido FARC reconozca su responsabilidad en el grave flagelo del secuestro en Colombia&#8221; y destac\u00f3 que &#8220;ahora llamen las cosas por su nombre y no sigan hablando de retenciones&#8221; como lo hicieron en el pasado.<br \/>\nQuienes ejercieron como los m\u00e1ximos comandantes de las ExFARC divulgaron la noche del lunes una carta en la que reconocieron que &#8220;el secuestro fue un grav\u00edsimo error del que no podemos sino arrepentirnos&#8221; y lamentaron el &#8220;dolor&#8221; que le causaron a los parientes de sus v\u00edctimas, quienes &#8220;vivieron un infierno esperando tener noticias de sus seres queridos&#8221;. Este apaente arrepentimiento no repara el enorme da\u00f1o causado a decenas de miles de v\u00edctimas.<br \/>\n&#8220;El reconocimiento del secuestro como uno de los m\u00e1s graves delitos contra la sociedad nos permite reiterar el llamado del gobierno del Presidente @IvanDuque para que el ELN cese esta acci\u00f3n criminal, as\u00ed como el reclutamiento de menores&#8221;, a\u00f1adi\u00f3 el comisionado Ceballos en Twitter.<br \/>\nLa carta de los antiguos jefes rebeldes se produjo luego de escuchar el testimonio y reflexiones hechas por la excandidata presidencial Ingrid Betancourt ante la Comisi\u00f3n de la Verdad sobre los m\u00e1s de seis a\u00f1os que estuvo secuestrada por parte de ese grupo.<br \/>\nAs\u00ed lo reconoci\u00f3 hoy Rodrigo Londo\u00f1o &#8220;Timochenko&#8221;, jefe del ahora partido FARC, quien dijo que &#8220;un testimonio como esos tiene que conmover a cualquiera&#8221;.<br \/>\nLondo\u00f1o, en declaraciones a radios locales, tambi\u00e9n admiti\u00f3 que ese grupo reclut\u00f3 menores de edad y oblig\u00f3 a guerrilleras a abortar, entre otros horrores.<br \/>\n&#8220;Cuando escuch\u00e9 por primera vez que en las FARC se oblig\u00f3 a mujeres a abortar, pens\u00e9 que era propaganda, que era para descalificarnos, pero en la medida que pude ir conversando e investigando, tengo la certeza de que s\u00ed obligaron a mujeres a abortar, eso me parece un crimen que no tiene ninguna justificaci\u00f3n ni explicaci\u00f3n&#8221;, reconoci\u00f3 Londo\u00f1o.<br \/>\n&#8220;Es doloroso -a\u00f1adi\u00f3 el antiguo jefe m\u00e1ximo de los rebeldes- y eso va configurando unas FARC que yo entr\u00f3 a odiar, porque no tiene nada que ver con las FARC a las que yo ingrese&#8221;, confes\u00f3 a Caracol Radio.<\/p>\n<p>Todos estos &#8220;arrepentimientos&#8221; son vistos como l\u00e1grimas de cocodrilo.<\/p>\n","protected":false},"excerpt":{"rendered":"<p>Tanta verdad empieza a asquear a &#8220;Timochenko&#8221; BOGOT\u00c1, 16 SET &#8211; Funcionarios del gobierno colombiano reconocieron las manifestaciones de arrepentimiento y reconocimiento del error que&hellip;<\/p>\n","protected":false},"author":99,"featured_media":0,"comment_status":"open","ping_status":"open","sticky":false,"template":"","format":"standard","meta":{"footnotes":""},"categories":[23],"tags":[],"class_list":["post-493833","post","type-post","status-publish","format-standard","hentry","category-latinoamerica"],"_links":{"self":[{"href":"https:\/\/diarioelpopular.com\/index.php\/wp-json\/wp\/v2\/posts\/493833","targetHints":{"allow":["GET"]}}],"collection":[{"href":"https:\/\/diarioelpopular.com\/index.php\/wp-json\/wp\/v2\/posts"}],"about":[{"href":"https:\/\/diarioelpopular.com\/index.php\/wp-json\/wp\/v2\/types\/post"}],"author":[{"embeddable":true,"href":"https:\/\/diarioelpopular.com\/index.php\/wp-json\/wp\/v2\/users\/99"}],"replies":[{"embeddable":true,"href":"https:\/\/diarioelpopular.com\/index.php\/wp-json\/wp\/v2\/comments?post=493833"}],"version-history":[{"count":1,"href":"https:\/\/diarioelpopular.com\/index.php\/wp-json\/wp\/v2\/posts\/493833\/revisions"}],"predecessor-version":[{"id":493835,"href":"https:\/\/diarioelpopular.com\/index.php\/wp-json\/wp\/v2\/posts\/493833\/revisions\/493835"}],"wp:attachment":[{"href":"https:\/\/diarioelpopular.com\/index.php\/wp-json\/wp\/v2\/media?parent=493833"}],"wp:term":[{"taxonomy":"category","embeddable":true,"href":"https:\/\/diarioelpopular.com\/index.php\/wp-json\/wp\/v2\/categories?post=493833"},{"taxonomy":"post_tag","embeddable":true,"href":"https:\/\/diarioelpopular.com\/index.php\/wp-json\/wp\/v2\/tags?post=493833"}],"curies":[{"name":"wp","href":"https:\/\/api.w.org\/{rel}","templated":true}]}}