{"id":493836,"date":"2020-09-16T10:56:26","date_gmt":"2020-09-16T14:56:26","guid":{"rendered":"https:\/\/diarioelpopular.com\/?p=493836"},"modified":"2020-09-16T10:56:26","modified_gmt":"2020-09-16T14:56:26","slug":"la-onu-vincula-al-regimen-de-maduro-con-crimenes-de-lesa-humanidad","status":"publish","type":"post","link":"https:\/\/diarioelpopular.com\/index.php\/2020\/09\/16\/la-onu-vincula-al-regimen-de-maduro-con-crimenes-de-lesa-humanidad\/","title":{"rendered":"La ONU vincula al r\u00e9gimen de Maduro con cr\u00edmenes de lesa humanidad"},"content":{"rendered":"<div id=\"attachment_493837\" style=\"width: 310px\" class=\"wp-caption alignnone\"><img loading=\"lazy\" decoding=\"async\" aria-describedby=\"caption-attachment-493837\" class=\"size-medium wp-image-493837\" src=\"https:\/\/diarioelpopular.com\/wp-content\/uploads\/2020\/09\/5f2a11e4d10b1.r_1600266197027.0-66-3000-1556-300x150.jpeg\" alt=\"\" width=\"300\" height=\"150\" \/><p id=\"caption-attachment-493837\" class=\"wp-caption-text\"><em>Nicol\u00e1s Maduro durante un acto por los 83 a\u00f1os de la Guardia Nacional Bolivariana.<\/em><\/p><\/div>\n<h4><em><strong>Informe habla sobre el uso sistem\u00e1tico de la tortura y las ejecuciones extrajudiciales en Venezuela.<\/strong><\/em><\/h4>\n<p>Nicol\u00e1s Maduro y los ministros m\u00e1s importantes de su r\u00e9gimen est\u00e1n vinculados con posibles &#8220;cr\u00edmenes de lesa humanidad&#8221;, afirm\u00f3 este mi\u00e9rcoles una misi\u00f3n de la <a href=\"https:\/\/www.eltiempo.com\/noticias\/onu\" target=\"_blank\" rel=\"noopener\">ONU<\/a>al presentar un informe que recaba el uso sistem\u00e1tico de la tortura y las ejecuciones extrajudiciales en ese pa\u00eds.<\/p>\n<p>&#8220;La Misi\u00f3n encontr\u00f3 motivos razonables para creer que las autoridades y las fuerzas de seguridad venezolanas han planificado y ejecutado desde 2014 graves violaciones a los derechos humanos, algunas de las cuales \u2014incluidas las ejecuciones arbitrarias y el uso sistem\u00e1tico de la tortura\u2014 constituyen cr\u00edmenes de lesa humanidad&#8221;, dijo la presidenta de la misi\u00f3n, Marta Vali\u00f1as, citada en un comunicado.<\/p>\n<p>&#8220;Lejos de ser actos aislados, estos cr\u00edmenes se coordinaron y cometieron de conformidad con las pol\u00edticas del Estado, con el conocimiento o el apoyo directo de los comandantes y los altos funcionarios del Gobierno&#8221;, agreg\u00f3 Vali\u00f1as.<\/p>\n<p>Venezuela vive desde 2015 una grave crisis pol\u00edtica, que se profundiz\u00f3 en 2019 cuando el l\u00edder opositor y titular del parlamento,\u00a0Juan Guaid\u00f3, se proclam\u00f3 presidente encargado del pa\u00eds, luego de declarar que Maduro usurp\u00f3 el cargo tras reelegirse en unos cuestionados comicios un a\u00f1o antes.<\/p>\n<p>En julio, la alta comisionada de la ONU para los Derechos Humanos, Michelle Bachelet, critic\u00f3 la situaci\u00f3n en el pa\u00eds al presentar un informe en el que denunciaba &#8220;detenciones arbitrarias, violaciones a las garant\u00edas al debido proceso&#8221; y casos de &#8220;tortura y desapariciones forzadas&#8221;.<\/p>\n<p>En esta ocasi\u00f3n, la Misi\u00f3n Internacional Independiente de determinaci\u00f3n de los hechos de las Naciones Unidas sobre la Rep\u00fablica Bolivariana de Venezuela investig\u00f3 223 casos, 48 de los cuales se examinaron en profundidad en un exhaustivo informe de 443 p\u00e1ginas.<\/p>\n<p>Adem\u00e1s, estudi\u00f3 otros 2.891 casos para &#8220;corroborar los patrones de violaciones y cr\u00edmenes&#8221;, como ejecuciones extrajudiciales, desapariciones forzadas, detenciones arbitrarias y tortura. No obstante, esta misi\u00f3n no pudo visitar Venezuela debido a que&#8221;el Gobierno no respondi\u00f3 a las reiteradas solicitudes&#8221; y a las restricciones de viaje en vigor debido a la pandemia del nuevo coronavirus, y realiz\u00f3 274 entrevistas a distancia, explica el informe.<\/p>\n<p>Si bien la misi\u00f3n reconoce &#8220;la naturaleza de la crisis y las tensiones en el pa\u00eds y la responsabilidad del Estado de mantener el orden p\u00fablico&#8221;, constat\u00f3 que &#8220;el Gobierno, los agentes estatales y los grupos que trabajaban con ellos hab\u00edan cometido violaciones flagrantes de los derechos humanos de hombres y mujeres en Venezuela&#8221;.<\/p>\n","protected":false},"excerpt":{"rendered":"<p>Informe habla sobre el uso sistem\u00e1tico de la tortura y las ejecuciones extrajudiciales en Venezuela. Nicol\u00e1s Maduro y los ministros m\u00e1s importantes de su r\u00e9gimen&hellip;<\/p>\n","protected":false},"author":99,"featured_media":0,"comment_status":"open","ping_status":"open","sticky":false,"template":"","format":"standard","meta":{"footnotes":""},"categories":[23],"tags":[],"class_list":["post-493836","post","type-post","status-publish","format-standard","hentry","category-latinoamerica"],"_links":{"self":[{"href":"https:\/\/diarioelpopular.com\/index.php\/wp-json\/wp\/v2\/posts\/493836","targetHints":{"allow":["GET"]}}],"collection":[{"href":"https:\/\/diarioelpopular.com\/index.php\/wp-json\/wp\/v2\/posts"}],"about":[{"href":"https:\/\/diarioelpopular.com\/index.php\/wp-json\/wp\/v2\/types\/post"}],"author":[{"embeddable":true,"href":"https:\/\/diarioelpopular.com\/index.php\/wp-json\/wp\/v2\/users\/99"}],"replies":[{"embeddable":true,"href":"https:\/\/diarioelpopular.com\/index.php\/wp-json\/wp\/v2\/comments?post=493836"}],"version-history":[{"count":1,"href":"https:\/\/diarioelpopular.com\/index.php\/wp-json\/wp\/v2\/posts\/493836\/revisions"}],"predecessor-version":[{"id":493838,"href":"https:\/\/diarioelpopular.com\/index.php\/wp-json\/wp\/v2\/posts\/493836\/revisions\/493838"}],"wp:attachment":[{"href":"https:\/\/diarioelpopular.com\/index.php\/wp-json\/wp\/v2\/media?parent=493836"}],"wp:term":[{"taxonomy":"category","embeddable":true,"href":"https:\/\/diarioelpopular.com\/index.php\/wp-json\/wp\/v2\/categories?post=493836"},{"taxonomy":"post_tag","embeddable":true,"href":"https:\/\/diarioelpopular.com\/index.php\/wp-json\/wp\/v2\/tags?post=493836"}],"curies":[{"name":"wp","href":"https:\/\/api.w.org\/{rel}","templated":true}]}}