{"id":493894,"date":"2020-09-17T20:45:47","date_gmt":"2020-09-18T00:45:47","guid":{"rendered":"https:\/\/diarioelpopular.com\/?p=493894"},"modified":"2020-09-17T20:45:47","modified_gmt":"2020-09-18T00:45:47","slug":"obrador-desestima-amenazas-de-trump","status":"publish","type":"post","link":"https:\/\/diarioelpopular.com\/index.php\/2020\/09\/17\/obrador-desestima-amenazas-de-trump\/","title":{"rendered":"Obrador desestima amenazas de Trump"},"content":{"rendered":"<div id=\"attachment_493895\" style=\"width: 486px\" class=\"wp-caption alignnone\"><img loading=\"lazy\" decoding=\"async\" aria-describedby=\"caption-attachment-493895\" class=\"size-custom-full-size wp-image-493895\" src=\"https:\/\/diarioelpopular.com\/wp-content\/uploads\/2020\/09\/8798b27a39d544d8cf6c610a771208c5.jpg\" alt=\"\" width=\"476\" height=\"317\" \/><p id=\"caption-attachment-493895\" class=\"wp-caption-text\"><em>Andr\u00e9s L\u00f3pez Obrador (izquierda) y Donald Trump (derecha) en una conferencia de prensa en la Casa Blanca, en julio pasado.<\/em><\/p><\/div>\n<h4><em><strong>El Jefe de Casa Blanca advirti\u00f3 que recortar\u00eda ayuda bilateral<\/strong><\/em><\/h4>\n<p><em><strong>CIUDAD DE MEXICO, 17 SET &#8211;<\/strong><\/em> El presidente mexicano Andr\u00e9s L\u00f3pez Obrador desestim\u00f3 las amenazas de su hom\u00f3logo estadounidense Donald Trump, quien ayer volvi\u00f3 a la carga en sus constantes amagos contra este pa\u00eds y amenaz\u00f3 con penalizar a M\u00e9xico si no hace &#8220;m\u00e1s&#8221; para combatir el narcotr\u00e1fico&#8221;.<\/p>\n<p>En la conferencia de prensa de todas las ma\u00f1anas en Palacio Nacional, el mandatario mexicano se\u00f1al\u00f3 que las advertencias de Trump &#8220;no ameritan&#8221; una &#8220;contestaci\u00f3n ni r\u00edspida ni en\u00e9rgica porque es muy buena la relaci\u00f3n&#8221; entre su pa\u00eds y Washington.<br \/>\n&#8220;Tenemos muy buena relaci\u00f3n con el gobierno de Estados Unidos y no vamos a caer en ninguna confrontaci\u00f3n pol\u00edtica. No hay problema y no hay nada que temer&#8221;, dijo L\u00f3pez Obrador.<br \/>\nTrump expuso que, &#8220;a menos que el gobierno mexicano demuestre un progreso sustancial en el pr\u00f3ximo a\u00f1o respaldado por datos verificables, M\u00e9xico correr\u00e1 un grave riesgo de que se concluya que no ha cumplido de manera demostrable sus compromisos internacionales de control de drogas&#8221;.<br \/>\nDesde 2019, Trump ya hab\u00eda advertido a M\u00e9xico que podr\u00eda &#8220;descertificarlo&#8221;, es decir, eliminarlo de la lista de pa\u00edses que reciben asistencia financiera y respaldo de Washington en organismos internacionales.<br \/>\nAunque Trump aplaudi\u00f3 los avances del gobierno mexicano en la materia, se\u00f1al\u00f3 que &#8220;los decomisos&#8221; de droga son &#8220;demasiado bajos&#8221; y expuso que &#8220;los c\u00e1rteles representan una clara amenaza para M\u00e9xico y la capacidad del gobierno mexicano de ejercer un control efectivo sobre partes del pa\u00eds&#8221;.<br \/>\nEn torno al reporte divulgado por el gobierno estadounidense sobre el desempe\u00f1o de M\u00e9xico en la lucha antidrogas, se\u00f1al\u00f3 que &#8220;es un informe que se presenta cada a\u00f1o&#8221; y &#8220;tiene cosas buenas y otras que no aceptamos&#8221;.<br \/>\n&#8220;Es un punto de vista que se respeta, es una opini\u00f3n b\u00e1sicamente y no vamos nosotros a confrontarnos&#8221;, insisti\u00f3.<br \/>\nMostrando su afilado colmillo pol\u00edtico, L\u00f3pez Obrador se\u00f1al\u00f3 que &#8220;tenemos que ser muy cuidadosos porque hay elecci\u00f3n en Estados Unidos&#8221; y &#8220;es mejor esperar&#8221;.<br \/>\n&#8220;Falta mes y medio, falta poco tiempo y no amerita la declaraci\u00f3n una contestaci\u00f3n, ni r\u00edspida, ni en\u00e9rgica&#8221;, a\u00f1adi\u00f3 al se\u00f1alar que su pa\u00eds trabaja &#8220;todos los d\u00edas&#8221; para construir una buena relaci\u00f3n con su vecino del norte y en ese sentido dijo que &#8220;no tenemos ninguna carga de conciencia&#8221;.<br \/>\nM\u00e9xico es uno de los 22 pa\u00edses con mayor producci\u00f3n o tr\u00e1fico de drogas identificados en el memor\u00e1ndum presidencial difundido por la Casa Blanca anoche.<br \/>\nLa canciller\u00eda mexicana respondi\u00f3 tambi\u00e9n al comunicado de Washington en el que recuerda que el tema del narcotr\u00e1fico &#8220;conlleva responsabilidades para todos los pa\u00edses de la regi\u00f3n y est\u00e1 alimentado por los altos niveles de consumo de droga y por el trasiego ilegal de armas desde Estados Unidos&#8221;.<br \/>\nEl ministerio de Relaciones Exteriores dijo haber tomado nota del memor\u00e1ndum emitido &#8220;con base en el cumplimiento de una legislaci\u00f3n interna de Estados Unidos&#8221; y record\u00f3 que no vinculante, es decir, &#8220;no tiene efectos legales sobre nuestro pa\u00eds&#8221;.<br \/>\nTrump tambi\u00e9n determin\u00f3 que durante los 12 meses anteriores otros dos pa\u00edses latinoamericanos, Bolivia y Venezuela, no han hecho suficiente para combatir el narcotr\u00e1fico.<br \/>\nA diferencia del gobierno, los expertos subrayaron que M\u00e9xico no deber\u00eda minimizar las advertencias de Trump, que suelen ser acompa\u00f1adas de acciones concretas.<br \/>\nChristopher Wilson, subdirector del Mexico Institute en el Wilson Center, estim\u00f3 que la amenaza m\u00e1s reciente es &#8220;algo que debe tomarse en serio pero que a\u00fan es realmente improbable que vaya a ocurrir&#8221;.<br \/>\nWilson se\u00f1al\u00f3 que si bien la asistencia estadounidense es peque\u00f1a en t\u00e9rminos num\u00e9ricos, &#8220;lo realmente importante es la cooperaci\u00f3n binacional en asuntos de seguridad&#8221;.<br \/>\nDesde antes de llegar al poder, Trump ha hecho de M\u00e9xico uno de los blancos favoritos de sus amenazas, por cuanto suele redituarle bien en t\u00e9rminos electorales y ahora puede sacar alta rentabilidad pol\u00edtica en su af\u00e1n de reelegirse, sobre todo cuando est\u00e1 en desventaja con su rival dem\u00f3crata Joe Biden.<br \/>\nPrimero anunci\u00f3 que forzar\u00eda a M\u00e9xico a pagar por la construcci\u00f3n de un muro en la frontera com\u00fan de m\u00e1s de 3.000 kil\u00f3metros y luego advirti\u00f3 que anular\u00eda el tratado comercial de Norteam\u00e9rica vigente desde 1994 por ser altamente desventajoso para su pa\u00eds, entre otras cosas.<\/p>\n","protected":false},"excerpt":{"rendered":"<p>El Jefe de Casa Blanca advirti\u00f3 que recortar\u00eda ayuda bilateral CIUDAD DE MEXICO, 17 SET &#8211; El presidente mexicano Andr\u00e9s L\u00f3pez Obrador desestim\u00f3 las amenazas&hellip;<\/p>\n","protected":false},"author":99,"featured_media":0,"comment_status":"open","ping_status":"open","sticky":false,"template":"","format":"standard","meta":{"footnotes":""},"categories":[23],"tags":[],"class_list":["post-493894","post","type-post","status-publish","format-standard","hentry","category-latinoamerica"],"_links":{"self":[{"href":"https:\/\/diarioelpopular.com\/index.php\/wp-json\/wp\/v2\/posts\/493894","targetHints":{"allow":["GET"]}}],"collection":[{"href":"https:\/\/diarioelpopular.com\/index.php\/wp-json\/wp\/v2\/posts"}],"about":[{"href":"https:\/\/diarioelpopular.com\/index.php\/wp-json\/wp\/v2\/types\/post"}],"author":[{"embeddable":true,"href":"https:\/\/diarioelpopular.com\/index.php\/wp-json\/wp\/v2\/users\/99"}],"replies":[{"embeddable":true,"href":"https:\/\/diarioelpopular.com\/index.php\/wp-json\/wp\/v2\/comments?post=493894"}],"version-history":[{"count":1,"href":"https:\/\/diarioelpopular.com\/index.php\/wp-json\/wp\/v2\/posts\/493894\/revisions"}],"predecessor-version":[{"id":493896,"href":"https:\/\/diarioelpopular.com\/index.php\/wp-json\/wp\/v2\/posts\/493894\/revisions\/493896"}],"wp:attachment":[{"href":"https:\/\/diarioelpopular.com\/index.php\/wp-json\/wp\/v2\/media?parent=493894"}],"wp:term":[{"taxonomy":"category","embeddable":true,"href":"https:\/\/diarioelpopular.com\/index.php\/wp-json\/wp\/v2\/categories?post=493894"},{"taxonomy":"post_tag","embeddable":true,"href":"https:\/\/diarioelpopular.com\/index.php\/wp-json\/wp\/v2\/tags?post=493894"}],"curies":[{"name":"wp","href":"https:\/\/api.w.org\/{rel}","templated":true}]}}