{"id":493901,"date":"2020-09-17T20:59:37","date_gmt":"2020-09-18T00:59:37","guid":{"rendered":"https:\/\/diarioelpopular.com\/?p=493901"},"modified":"2020-09-17T20:59:37","modified_gmt":"2020-09-18T00:59:37","slug":"tribunal-de-peru-niega-solicitud-para-frenar-el-juicio-contra-vizcarra","status":"publish","type":"post","link":"https:\/\/diarioelpopular.com\/index.php\/2020\/09\/17\/tribunal-de-peru-niega-solicitud-para-frenar-el-juicio-contra-vizcarra\/","title":{"rendered":"Tribunal de Per\u00fa niega solicitud para frenar el juicio contra Vizcarra"},"content":{"rendered":"<div id=\"attachment_493902\" style=\"width: 310px\" class=\"wp-caption alignnone\"><img loading=\"lazy\" decoding=\"async\" aria-describedby=\"caption-attachment-493902\" class=\"size-medium wp-image-493902\" src=\"https:\/\/diarioelpopular.com\/wp-content\/uploads\/2020\/09\/5f63c6281b832-300x150.jpeg\" alt=\"\" width=\"300\" height=\"150\" \/><p id=\"caption-attachment-493902\" class=\"wp-caption-text\"><em>El presidente de Per\u00fa, Mart\u00edn Vizacarra, es acusado de instigar a dos asesoras a mentir en una investigaci\u00f3n.<\/em><\/p><\/div>\n<h4 id=\"p538410-m372-16-373\" class=\"contenido\"><em><strong>La defensa del mandatario comparecer\u00e1 este viernes ante el Congreso, que votar\u00e1 si lo destituye.<\/strong><\/em><\/h4>\n<div class=\"articulo-contenido\">\n<div class=\"modulos\">\n<p id=\"p538410-m188-187-189\" class=\"contenido\">El presidente de Per\u00fa, Mart\u00edn Vizcarra, se sentar\u00e1 este viernes en el banquillo ante un Congreso que votar\u00e1 si lo destituye por &#8220;incapacidad moral&#8221;. Sin embargo, sus adversarios aparentemente no cuentan con los votos para sacarlo del poder.<\/p>\n<p id=\"p538410-m232-2-233\" class=\"contenido\">En un acelerado proceso que comenz\u00f3 hace apenas una semana, a 10 meses del fin de su mandato, el gobernante es acusado de instigar a dos asesoras a mentir en una investigaci\u00f3n sobre un contrato a un cantante.<\/p>\n<p>El Tribunal Constitucional rechaz\u00f3 este jueves una medida cautelar solicitada por el mandatario que habr\u00eda paralizado el juicio, anunci\u00f3 su presidenta, la magistrada Marianella Ledesma.<\/p>\n<p id=\"p538410-m262-4-263\" class=\"contenido\">Sin embargo, Ledesma se\u00f1al\u00f3 que la corte no concedi\u00f3 la medida cautelar porque &#8220;el riesgo de que suceda la vacancia se debilit\u00f3&#8221;, en una se\u00f1al de que los enemigos de Vizcarra no tendr\u00edan los votos para destituirlo.<\/p>\n<p>Vizcarra, quien design\u00f3 este jueves al abogado Roberto Pereira Chumbe para que lo defienda en el juicio del Congreso, denunci\u00f3 &#8220;un complot contra la democracia&#8221;.<\/p>\n<p>El gobernante es un ingeniero provinciano de 57 a\u00f1os que tiene altos niveles de<br \/>\npopularidad desde que asumi\u00f3 el poder en 2018 tras la renuncia de Pedro Pablo Kuczynski, de quien era vicepresidente.<\/p>\n<p>No hay pugnas ideol\u00f3gicas en esta controversia, pues tanto el mandatario como la mayor\u00eda parlamentaria son de centroderecha.<\/p>\n<p>Tampoco est\u00e1n en discusi\u00f3n los grandes problemas que enfrenta Per\u00fa -la pandemia del coronavirus y la recesi\u00f3n econ\u00f3mica-, sino que parece tratarse de una mera lucha por el poder y que el contrato del cantante es un pretexto.<\/p>\n<div id=\"p538410-m268-5-269\" class=\"fotografia\">\n<div class=\"imagen-cuerpo-bk\">\n<figure id=\"m273-272-274\" class=\"foto-galeria-articulo\"><img decoding=\"async\" src=\"https:\/\/www.eltiempo.com\/files\/article_content\/uploads\/2020\/09\/17\/5f63c8e560adc.jpeg\" alt=\"Congreso Per\u00fa\" width=\"600px\" height=\"450px\" data-original=\"\/files\/article_content\/uploads\/2020\/09\/17\/5f63c8e560adc.jpeg\" \/><\/figure>\n<\/div>\n<div class=\"figcaption-cuerpo-bk credito-image-bk\">\n<div class=\"titulo-foto-bk\">\n<p id=\"m280-1-281\" class=\"titulo\"><em>En medio de la pandemia del coronavirus, Vizcarra se sentar\u00e1 en el banquillo ante el Congreso, que busca destituirlo.\u00a0<span style=\"line-height: 1.5;\">Foto:\u00a0<\/span><span style=\"line-height: 1.5;\">AFP<\/span><\/em><\/p>\n<\/div>\n<\/div>\n<\/div>\n<p id=\"p538410-m294-6-295\" class=\"contenido\">En los sondeos, redes sociales y calles (con cacerolazos), el apoyo a Vizcarra se ha hizo sentir: ocho de cada diez peruanos quieren que siga al frente del Ejecutivo, seg\u00fan una encuesta de Ipsos.<\/p>\n<p>La moci\u00f3n recuerda dos iniciativas similares contra su antecesor Kuczynski (2016-2018), que llevaron a la renuncia del exbanquero, tambi\u00e9n en el marco de enfrentamientos con el Congreso.<\/p>\n<p><em><strong><span id=\"p538410-m300-7-301\" class=\"articulo-subtitulo\">87 votos<\/span><\/strong><\/em><\/p>\n<p id=\"p538410-m306-8-307\" class=\"contenido\">La decisi\u00f3n de sentar a Vizcarra en el banquillo fue aprobada el pasado viernes por el parlamento con 65 votos, 36 en contra y 24 abstenciones.<\/p>\n<p>Sin embargo, los adversarios de Vizcarra aparentemente no cuentan con los votos para sacarlo del poder, seg\u00fan los medios peruanos y la propia magistrada Ledesma. Se necesitan 87 votos para declarar la &#8220;vacancia&#8221; de la presidencia.<\/p>\n<p>El gobernante y su abogado deben hacer los descargos en una sesi\u00f3n que comenzar\u00e1 hacia las 9:00 a.m. (hora local) de este viernes, tras lo cual habr\u00e1 un largo debate antes de la votaci\u00f3n.<\/p>\n<p>En septiembre de 2019, Vizcarra disolvi\u00f3 el parlamento y convoc\u00f3 a nuevos comicios legislativos para superar otra crisis pol\u00edtica. Son los nuevos parlamentarios, elegidos en enero, quienes decidir\u00e1n su suerte.<\/p>\n<p><em><strong><span id=\"p538410-m312-9-313\" class=\"articulo-subtitulo\">\u00bfUn desconocido al poder?<\/span><\/strong><\/em><\/p>\n<p id=\"p538410-m318-10-319\" class=\"contenido\">Si es destituido, asumir\u00eda el poder el jefe del Congreso, Manuel Merino, un pol\u00edtico de bajo perfil. Sin partido ni bancada, Vizcarra qued\u00f3 contra las cuerdas el jueves pasado, tras la difusi\u00f3n en el Congreso de unos audios en que insta a sus dos asesoras a mentir ante una comisi\u00f3n parlamentaria.<\/p>\n<p>El esc\u00e1ndalo estall\u00f3 mientras el presidente estaba abocado a atender la emergencia sanitaria en uno de los pa\u00edses m\u00e1s afectados por la pandemia, con m\u00e1s de 744.000 contagios y 31.000 muertos.<\/p>\n<p><em><strong><span id=\"p538410-m324-11-325\" class=\"articulo-subtitulo\">Cambio peligroso<\/span><\/strong><\/em><\/p>\n<p id=\"p538410-m330-12-331\" class=\"contenido\">La incertidumbre generada por este juicio pol\u00edtico tiene efectos nocivos sobre la econom\u00eda peruana, que est\u00e1 en recesi\u00f3n como secuela de la pandemia: el precio del d\u00f3lar subi\u00f3 y cayeron la bolsa lime\u00f1a y los bonos peruanos en el exterior.<\/p>\n<p id=\"p538410-m360-14-361\" class=\"contenido\">&#8220;La destituci\u00f3n es muy peligrosa en estas circunstancias, faltando siete meses para las elecciones generales de abril&#8221; de 2021, dijo a la AFP el analista pol\u00edtico Fernando Rospigliosi.<\/p>\n<p>&#8220;Cambiar de gobierno a estas alturas por un gobierno conformado por el Congreso ser\u00eda muy peligroso&#8221; en medio de la crisis sanitaria y econ\u00f3mica, agreg\u00f3. Sorpresivamente, la opositora Keiko Fujimori, la principal rival de Vizcarra, sali\u00f3 a defenderlo, alegando que &#8220;no existen elementos suficientes&#8221; para destituirlo.<\/p>\n<p><em><strong><span id=\"p538410-m366-15-367\" class=\"articulo-subtitulo\">Cantante poco conocido<\/span><\/strong><\/em><\/p>\n<p id=\"p538410-m372-16-373\" class=\"contenido\">El esc\u00e1ndalo con tintes rocambolescos comenz\u00f3 en mayo cuando la prensa descubri\u00f3 que, en plena pandemia, el Ministerio de Cultura hab\u00eda contratado como conferencista a Richard Cisneros, un cantante poco conocido que alardeaba de haber sido asesor del gobierno.<\/p>\n<p>El parlamento abri\u00f3 una investigaci\u00f3n sobre los contratos por los que Cisneros recibi\u00f3 unos 50.000 d\u00f3lares. En la grabaci\u00f3n filtrada, Vizcarra pide a sus colaboradoras Miriam Morales y Karem Roca mentir sobre el n\u00famero de veces que el cantante acudi\u00f3 a Palacio de Gobierno.<\/p>\n<div id=\"p538410-m378-17-379\" class=\"articulo-quote\">\n<div class=\"texto_redes4 compartir-quote\"><\/div>\n<\/div>\n<p id=\"p538410-m402-18-403\" class=\"contenido\">&#8220;Hay que decir que entr\u00f3 dos veces&#8221; en vez de cinco, les dice Vizcarra. Roca fue quien grab\u00f3 subrepticiamente la conversaci\u00f3n en el despacho presidencial, seg\u00fan medios peruanos. Ambas funcionarias perdieron sus empleos hace pocos d\u00edas.<\/p>\n<\/div>\n<\/div>\n","protected":false},"excerpt":{"rendered":"<p>La defensa del mandatario comparecer\u00e1 este viernes ante el Congreso, que votar\u00e1 si lo destituye. El presidente de Per\u00fa, Mart\u00edn Vizcarra, se sentar\u00e1 este viernes&hellip;<\/p>\n","protected":false},"author":99,"featured_media":0,"comment_status":"open","ping_status":"open","sticky":false,"template":"","format":"standard","meta":{"footnotes":""},"categories":[23],"tags":[],"class_list":["post-493901","post","type-post","status-publish","format-standard","hentry","category-latinoamerica"],"_links":{"self":[{"href":"https:\/\/diarioelpopular.com\/index.php\/wp-json\/wp\/v2\/posts\/493901","targetHints":{"allow":["GET"]}}],"collection":[{"href":"https:\/\/diarioelpopular.com\/index.php\/wp-json\/wp\/v2\/posts"}],"about":[{"href":"https:\/\/diarioelpopular.com\/index.php\/wp-json\/wp\/v2\/types\/post"}],"author":[{"embeddable":true,"href":"https:\/\/diarioelpopular.com\/index.php\/wp-json\/wp\/v2\/users\/99"}],"replies":[{"embeddable":true,"href":"https:\/\/diarioelpopular.com\/index.php\/wp-json\/wp\/v2\/comments?post=493901"}],"version-history":[{"count":1,"href":"https:\/\/diarioelpopular.com\/index.php\/wp-json\/wp\/v2\/posts\/493901\/revisions"}],"predecessor-version":[{"id":493903,"href":"https:\/\/diarioelpopular.com\/index.php\/wp-json\/wp\/v2\/posts\/493901\/revisions\/493903"}],"wp:attachment":[{"href":"https:\/\/diarioelpopular.com\/index.php\/wp-json\/wp\/v2\/media?parent=493901"}],"wp:term":[{"taxonomy":"category","embeddable":true,"href":"https:\/\/diarioelpopular.com\/index.php\/wp-json\/wp\/v2\/categories?post=493901"},{"taxonomy":"post_tag","embeddable":true,"href":"https:\/\/diarioelpopular.com\/index.php\/wp-json\/wp\/v2\/tags?post=493901"}],"curies":[{"name":"wp","href":"https:\/\/api.w.org\/{rel}","templated":true}]}}