{"id":493904,"date":"2020-09-17T21:06:40","date_gmt":"2020-09-18T01:06:40","guid":{"rendered":"https:\/\/diarioelpopular.com\/?p=493904"},"modified":"2020-09-17T21:06:40","modified_gmt":"2020-09-18T01:06:40","slug":"presidenta-interina-de-bolivia-se-retira-de-la-carrera-electoral","status":"publish","type":"post","link":"https:\/\/diarioelpopular.com\/index.php\/2020\/09\/17\/presidenta-interina-de-bolivia-se-retira-de-la-carrera-electoral\/","title":{"rendered":"Presidenta interina de Bolivia se retira de la carrera electoral"},"content":{"rendered":"<div id=\"attachment_493905\" style=\"width: 310px\" class=\"wp-caption alignnone\"><img loading=\"lazy\" decoding=\"async\" aria-describedby=\"caption-attachment-493905\" class=\"size-medium wp-image-493905\" src=\"https:\/\/diarioelpopular.com\/wp-content\/uploads\/2020\/09\/5e2f749a9f990.r_1600389426351.0-60-3000-1548-300x150.jpeg\" alt=\"\" width=\"300\" height=\"150\" \/><p id=\"caption-attachment-493905\" class=\"wp-caption-text\"><em>Jeanine \u00c1\u00f1ez, presidenta interina de Bolivia.<\/em><\/p><\/div>\n<h4><em><strong>Jeanine \u00c1\u00f1ez renunci\u00f3 a su candidatura para los comicios de octubre en ese pa\u00eds.<\/strong><\/em><\/h4>\n<p>La presidenta interina de Bolivia, Jeanine \u00c1\u00f1ez, anunci\u00f3 este jueves que retira su candidatura para las elecciones de octubre,\u00a0en un intento por evitar el triunfo del izquierdista Luis Arce, delf\u00edn del exgobernante Evo Morales.<\/p>\n<p id=\"p538458-m2490-2489-2491\" class=\"contenido\">&#8220;Hoy dejo de lado mi candidatura a la presidencia de Bolivia para cuidar la democracia&#8221;, dijo \u00c1\u00f1ez en un video difundido a los medios. &#8220;No es un sacrificio, es un honor&#8221;, asegur\u00f3, ante el riesgo de dividir el voto contra el Movimiento Al Socialismo (MAS) de Evo Morales y que &#8220;acabe ganando la elecci\u00f3n&#8221; del pr\u00f3ximo 18 de octubre.<\/p>\n<p id=\"p538458-m2534-2-2535\" class=\"contenido\">La hasta ahora candidata por la alianza Juntos afirm\u00f3 que su decisi\u00f3n busca &#8220;ayudar a la victoria de los que no queremos las dictadura&#8221;, porque &#8220;si no nos unimos, vuelve Morales&#8221;.<\/p>\n<p>&#8220;Si no nos unimos, la democracia pierde, (&#8230;) la dictadura gana&#8221;,a\u00f1adi\u00f3, por lo que inst\u00f3 a dejar de lado diferencias y &#8220;construir con unidad la libertad&#8221;. &#8220;Quiero llamar a la unidad de los que creen en la democracia&#8221;, asever\u00f3, a la vez que agradeci\u00f3 la &#8220;comprensi\u00f3n&#8221; por su decisi\u00f3n en &#8220;un momento hist\u00f3rico&#8221;.<\/p>\n<p>Jeanine \u00c1\u00f1ez apost\u00f3 porque haya &#8220;un candidato democr\u00e1tico para enfrenar al MAS&#8221;, al que anim\u00f3 a defender una serie de programas iniciados por su Gobierno interino.<\/p>\n<p>\u00c1\u00f1ez indic\u00f3 que seguir\u00e1 como presidenta transitoria hasta la elecci\u00f3n de un nuevo jefe de Gobierno tras los comicios generales.<\/p>\n<p>La mandataria transitoria apareci\u00f3 en el video de unos tres minutos y medio de duraci\u00f3n acompa\u00f1ada del candidato de Juntos a la vicepresidencia, Samuel Doria Medina, de varios ministros del Gobierno interino y de pol\u00edticos que apoyan a \u00c1\u00f1ez como el alcalde de La Paz, Luis Revilla.<\/p>\n<p>El anuncio se produjo un d\u00eda despu\u00e9s de que la encuesta electoral m\u00e1s amplia difundida hasta ahora en el pa\u00eds la sit\u00fae en cuarto lugar en intenci\u00f3n de voto, lejos incluso de poder disputar una segunda vuelta con el primero en los sondeos, el candidato del MAS Luis Arce.<\/p>\n<p>\u00c1\u00f1ez qued\u00f3 en el cuarto lugar, con apenas el 7 % de la intenci\u00f3n de voto. Estaba por debajo de Arce (29,2 %), del expresidente Carlos Mesa (19 %) y del l\u00edder c\u00edvico regional Luis Fernando Camacho (10,4 %), sin posibilidad de ganar ni de pasar a una eventual segunda vuelta.<\/p>\n<p>Las alianza Juntos es una de las ocho candidaturas que concurren a las elecciones para elegir presidente, vicepresidente, diputados y senadores.<\/p>\n<p>\u00c1\u00f1ez asumi\u00f3 el mando en noviembre de 2019, tras la renuncia de Morales por una fuerte convulsi\u00f3n social. Prometi\u00f3 dirigir un gobierno de transici\u00f3n con el fin de convocar a nuevas elecciones en 2020, pero en enero anunci\u00f3 su postulaci\u00f3n, decisi\u00f3n que fue muy criticada por sus adversarios y algunos aliados.<\/p>\n<p>&nbsp;<\/p>\n","protected":false},"excerpt":{"rendered":"<p>Jeanine \u00c1\u00f1ez renunci\u00f3 a su candidatura para los comicios de octubre en ese pa\u00eds. La presidenta interina de Bolivia, Jeanine \u00c1\u00f1ez, anunci\u00f3 este jueves que&hellip;<\/p>\n","protected":false},"author":99,"featured_media":0,"comment_status":"open","ping_status":"open","sticky":false,"template":"","format":"standard","meta":{"footnotes":""},"categories":[23],"tags":[],"class_list":["post-493904","post","type-post","status-publish","format-standard","hentry","category-latinoamerica"],"_links":{"self":[{"href":"https:\/\/diarioelpopular.com\/index.php\/wp-json\/wp\/v2\/posts\/493904","targetHints":{"allow":["GET"]}}],"collection":[{"href":"https:\/\/diarioelpopular.com\/index.php\/wp-json\/wp\/v2\/posts"}],"about":[{"href":"https:\/\/diarioelpopular.com\/index.php\/wp-json\/wp\/v2\/types\/post"}],"author":[{"embeddable":true,"href":"https:\/\/diarioelpopular.com\/index.php\/wp-json\/wp\/v2\/users\/99"}],"replies":[{"embeddable":true,"href":"https:\/\/diarioelpopular.com\/index.php\/wp-json\/wp\/v2\/comments?post=493904"}],"version-history":[{"count":1,"href":"https:\/\/diarioelpopular.com\/index.php\/wp-json\/wp\/v2\/posts\/493904\/revisions"}],"predecessor-version":[{"id":493906,"href":"https:\/\/diarioelpopular.com\/index.php\/wp-json\/wp\/v2\/posts\/493904\/revisions\/493906"}],"wp:attachment":[{"href":"https:\/\/diarioelpopular.com\/index.php\/wp-json\/wp\/v2\/media?parent=493904"}],"wp:term":[{"taxonomy":"category","embeddable":true,"href":"https:\/\/diarioelpopular.com\/index.php\/wp-json\/wp\/v2\/categories?post=493904"},{"taxonomy":"post_tag","embeddable":true,"href":"https:\/\/diarioelpopular.com\/index.php\/wp-json\/wp\/v2\/tags?post=493904"}],"curies":[{"name":"wp","href":"https:\/\/api.w.org\/{rel}","templated":true}]}}