{"id":493907,"date":"2020-09-17T22:17:47","date_gmt":"2020-09-18T02:17:47","guid":{"rendered":"https:\/\/diarioelpopular.com\/?p=493907"},"modified":"2020-09-17T22:17:47","modified_gmt":"2020-09-18T02:17:47","slug":"conmocion-en-argentina-por-la-tragica-muerte-de-la-disenadora-elsa-serrano","status":"publish","type":"post","link":"https:\/\/diarioelpopular.com\/index.php\/2020\/09\/17\/conmocion-en-argentina-por-la-tragica-muerte-de-la-disenadora-elsa-serrano\/","title":{"rendered":"Conmoci\u00f3n en Argentina por la tr\u00e1gica muerte de la dise\u00f1adora Elsa Serrano"},"content":{"rendered":"<div id=\"attachment_493908\" style=\"width: 310px\" class=\"wp-caption alignnone\"><img loading=\"lazy\" decoding=\"async\" aria-describedby=\"caption-attachment-493908\" class=\"size-medium wp-image-493908\" src=\"https:\/\/diarioelpopular.com\/wp-content\/uploads\/2020\/09\/elsa-300x214.jpg\" alt=\"\" width=\"300\" height=\"214\" \/><p id=\"caption-attachment-493908\" class=\"wp-caption-text\"><em>La modista Elsa Serrano falleci\u00f3 como consecuencia de un incendio que se produjo en su departamento \/ Fotograf\u00eda: Clar\u00edn<\/em><\/p><\/div>\n<h4><strong>La modista argentina Elsa Serrano falleci\u00f3 como consecuencia de un incendio que se produjo en su departamento, situado en el barrio porte\u00f1o de Retiro, seg\u00fan confirmaron familiares de la v\u00edctima.<\/strong><\/h4>\n<p>El incendio se produjo por causas que se investigan alrededor de las 20:15 en la calle Maip\u00fa 986, donde viv\u00eda la modista, cuyo nombre real es Elsa Romio, de 73 a\u00f1os.<\/p>\n<p>Al lugar arrib\u00f3 el Grupo Especial de Rescate de Bomberos de la Ciudad y Befer de Polic\u00eda Federal por un incendio de forma generalizada en tres ambientes del departamento situado en el tercer piso, contrafrente de ese lugar.<\/p>\n<p>Los bomberos entraron por el edificio lindero desde la terraza y descendieron hasta el lugar en cuesti\u00f3n y controlaron r\u00e1pidamente el siniestro.<\/p>\n<p>En el lugar encontraron el cuerpo de una mujer, con el correr de las horas se estableci\u00f3 que era la reconocida modista Elsa Serrano.<\/p>\n<p>En ese sentido, el accionar gener\u00f3 que las llamas estuvieran controladas, m\u00e1s all\u00e1 que los servidores p\u00fablicos siguieran con los trabajos extinguiendo peque\u00f1os focos.<\/p>\n<p>Trascendi\u00f3 que el fuego se habr\u00eda desatado por una falla el\u00e9ctrica en una luz dicroica ubicada en la cabecera de la cama de una habitaci\u00f3n.<\/p>\n<p>Interviene en el hecho la Fiscal\u00eda Penal, Contravencional y de Faltas n\u00famero 12, a cargo de Sebasti\u00e1n Fedullo, Secretar\u00eda \u00danica de la doctora Cebasco.<\/p>\n<p>Dise\u00f1\u00f3 para reconocidas figuras del espect\u00e1culo<\/p>\n<p>Los dise\u00f1os de Elsa Serrano fueron utilizados por varias personas reconocidas, entre las que se destac\u00f3 el vestido de novia de Claudia Villafa\u00f1e cuando se cas\u00f3 con Diego Maradona.<\/p>\n<p>Adem\u00e1s, visti\u00f3 a importantes figuras del espect\u00e1culo argentino, como Mirtha Legrand, Susana Gim\u00e9nez y la empresaria Amalia Lacroze de Fortabat, y del extranjero, como Sof\u00eda Loren, Catherine Deneuve, Gina Lollobrigida y la bailarina Maya Plis\u00e9tskaya.<\/p>\n<p>Tambi\u00e9n lo hizo con figuras de la pol\u00edtica argentina, como la hija del ex presidente Carlos Menem, Zulema, con quien viaj\u00f3 en cada gira al exterior que realiz\u00f3 acompa\u00f1ando a su padre cuando este ejerc\u00eda la presidencia, al igual que lo hizo con Mar\u00eda Lorenza Barreneche, ex pareja del ex mandatario nacional Ra\u00fal Alfons\u00edn, inform\u00f3 Clar\u00edn.<\/p>\n","protected":false},"excerpt":{"rendered":"<p>La modista argentina Elsa Serrano falleci\u00f3 como consecuencia de un incendio que se produjo en su departamento, situado en el barrio porte\u00f1o de Retiro, seg\u00fan&hellip;<\/p>\n","protected":false},"author":99,"featured_media":0,"comment_status":"open","ping_status":"open","sticky":false,"template":"","format":"standard","meta":{"footnotes":""},"categories":[23],"tags":[],"class_list":["post-493907","post","type-post","status-publish","format-standard","hentry","category-latinoamerica"],"_links":{"self":[{"href":"https:\/\/diarioelpopular.com\/index.php\/wp-json\/wp\/v2\/posts\/493907","targetHints":{"allow":["GET"]}}],"collection":[{"href":"https:\/\/diarioelpopular.com\/index.php\/wp-json\/wp\/v2\/posts"}],"about":[{"href":"https:\/\/diarioelpopular.com\/index.php\/wp-json\/wp\/v2\/types\/post"}],"author":[{"embeddable":true,"href":"https:\/\/diarioelpopular.com\/index.php\/wp-json\/wp\/v2\/users\/99"}],"replies":[{"embeddable":true,"href":"https:\/\/diarioelpopular.com\/index.php\/wp-json\/wp\/v2\/comments?post=493907"}],"version-history":[{"count":1,"href":"https:\/\/diarioelpopular.com\/index.php\/wp-json\/wp\/v2\/posts\/493907\/revisions"}],"predecessor-version":[{"id":493909,"href":"https:\/\/diarioelpopular.com\/index.php\/wp-json\/wp\/v2\/posts\/493907\/revisions\/493909"}],"wp:attachment":[{"href":"https:\/\/diarioelpopular.com\/index.php\/wp-json\/wp\/v2\/media?parent=493907"}],"wp:term":[{"taxonomy":"category","embeddable":true,"href":"https:\/\/diarioelpopular.com\/index.php\/wp-json\/wp\/v2\/categories?post=493907"},{"taxonomy":"post_tag","embeddable":true,"href":"https:\/\/diarioelpopular.com\/index.php\/wp-json\/wp\/v2\/tags?post=493907"}],"curies":[{"name":"wp","href":"https:\/\/api.w.org\/{rel}","templated":true}]}}