{"id":493930,"date":"2020-09-19T10:59:45","date_gmt":"2020-09-19T14:59:45","guid":{"rendered":"https:\/\/diarioelpopular.com\/?p=493930"},"modified":"2020-09-19T10:59:45","modified_gmt":"2020-09-19T14:59:45","slug":"caso-ordonez-apresan-a-policias-en-colombia","status":"publish","type":"post","link":"https:\/\/diarioelpopular.com\/index.php\/2020\/09\/19\/caso-ordonez-apresan-a-policias-en-colombia\/","title":{"rendered":"Caso Ord\u00f3\u00f1ez: apresan a polic\u00edas en Colombia"},"content":{"rendered":"<div id=\"attachment_493931\" style=\"width: 310px\" class=\"wp-caption alignnone\"><img loading=\"lazy\" decoding=\"async\" aria-describedby=\"caption-attachment-493931\" class=\"size-medium wp-image-493931\" src=\"https:\/\/diarioelpopular.com\/wp-content\/uploads\/2020\/09\/6421af47d6aef651ad5136cd0ea54516-300x225.jpeg\" alt=\"\" width=\"300\" height=\"225\" \/><p id=\"caption-attachment-493931\" class=\"wp-caption-text\"><em>La detenci\u00f3n del patrullero Juan Camilo Lloreda (foto: Fentileza Fiscal\u00eda Nacional de Colombia).<\/em><\/p><\/div>\n<h4><em><strong>Hay amenazas contra los testigos, dice abogado de la familia<\/strong><\/em><\/h4>\n<p><em><strong>BOGOTA, 19 SET &#8211;<\/strong><\/em> Bajo cargos de &#8220;tortura y homicidio agravado&#8221; ser\u00e1n imputados los dos polic\u00edas acusados de la muerte del abogado Javier Ord\u00f3\u00f1ez, que desat\u00f3 una fuerte ola de indignaci\u00f3n en Colombia y abri\u00f3 la discusi\u00f3n sobre los continuos atropellos y violencia de los integrantes de esa instituci\u00f3n contra la ciudadan\u00eda.<br \/>\nEl anunci\u00f3 lo hizo el fiscal general, Francisco Barbosa, quien confirm\u00f3 el arresto de los patrulleros Harby Dami\u00e1n Rodr\u00edguez y Juan Camilo Lloreda, sindicados del crimen, quienes ser\u00e1n presentados ante un juez que decidir\u00e1 si los pone tras las rejas, como espera el ente investigador.<br \/>\n&#8220;Desde el primer momento, como fiscal general de la naci\u00f3n, asum\u00ed la direcci\u00f3n de estas investigaciones en un trabajo conjunto con las diferentes unidades de la Fiscal\u00eda dise\u00f1amos un protocolo especial y fortalecimos el equipo para resolver en una semana el crimen y llevar a los presuntos responsables ante los jueces&#8221;, precis\u00f3 Barbosa.<br \/>\nRodr\u00edguez y Lloreda son los dos polic\u00edas que el pasado 9 de septiembre desataron toda su violencia sobre la humanidad de Ord\u00f3\u00f1ez, sin aparente raz\u00f3n, mediante golpes y descargas el\u00e9ctricas en un supuesto intento de arresto y sin escuchar sus s\u00faplicas y las de los testigos para que se detuvieran.<br \/>\nOrd\u00f3\u00f1ez y uno de sus acompa\u00f1antes aquella noche fueron conducidos a un comando de atenci\u00f3n inmediata (CAI) cercano al lugar donde ocurrieron los hechos, en Bogot\u00e1, y donde al parecer sigui\u00f3 la desmedida golpiza que condujo horas despu\u00e9s a su muerte en un hospital local.<br \/>\nVadith G\u00f3mez, abogado de la familia de Ord\u00f3\u00f1ez, reconoci\u00f3 que las autoridades est\u00e1n avanzando en el caso y confi\u00f3 que en los siguientes d\u00edas comparezcan ante las autoridades los otros uniformados involucrados en los hechos.<br \/>\nTambi\u00e9n alert\u00f3 por las amenazas que han recibido varios de los testigos del crimen de Ord\u00f3\u00f1ez.<br \/>\n&#8220;He solicitado medidas de protecci\u00f3n porque est\u00e1n amenazados, hay unas amenaza ah\u00ed; esperamos que no les pase nada porque esto agravar\u00eda la situaci\u00f3n en la que nos encontramos&#8221;, advirti\u00f3 G\u00f3mez.<br \/>\nLa violencia policial, que record\u00f3 los hechos ocurridos meses atr\u00e1s en Estados Unidos contra el afroamericano George Floyd, fue grabada en video, puesta en circulaci\u00f3n en las redes sociales donde se convirti\u00f3 en un hurac\u00e1n que dio pie a dos d\u00edas de protestas en la capital y en otras zonas del pa\u00eds, que dejaron 13 muertos y cientos de heridos.<br \/>\nFrente a los desmanes, que llevaron a la incineraci\u00f3n 75 CAI en diferentes lugares de Bogot\u00e1, y respondidos con disparos parte de algunos polic\u00edas contra los manifestantes, el fiscal Barbosa inform\u00f3 del arresto de cuatro sospechosos a quienes vincul\u00f3 con disidentes de las terroristas FARC.<br \/>\nSeg\u00fan Barbosa, los sospechosos estar\u00edan implicados en actos violentos en las protestas sociales, no solo los de la semana pasada sino en las que se presentaron en noviembre del a\u00f1o anterior.<br \/>\nSe trat\u00f3 de una labor de nueves meses en la que investigadores de la fiscal\u00eda y de la polic\u00eda judicial intervinieron tel\u00e9fonos, realizaron vigilancia, seguimientos y acudieron a herramientas tecnol\u00f3gicas que les permitieron establecer que existen al menos tres &#8220;c\u00e9lulas terroristas&#8221; lideradas por los detenidos.<br \/>\n&#8220;Las investigaciones dan cuenta de que estas organizaciones criminales ofrecen capacitaci\u00f3n y entrenamiento a j\u00f3venes estudiantes de diferentes centros educativos, estimulan la creaci\u00f3n de movimientos clandestinos barriales y dise\u00f1an mecanismos para financiar actividades violentas y de infiltraci\u00f3n en las ciudades&#8221;, describi\u00f3 la fiscal\u00eda en un comunicado.<br \/>\nAl menos uno de los sindicados de esos actos vand\u00e1licos est\u00e1 preso, mientras los otros tres fueron detenidos en operativos de las autoridades.<br \/>\nPara Barbosa se trat\u00f3 de un golpe al &#8220;terrorismo urbano que afecta a Bogot\u00e1 desde el a\u00f1o pasado&#8221;.<br \/>\nEl gobierno sostiene la tesis que detr\u00e1s del vandalismo desatado durante las protestas sociales se agazapan tanto el grupo guerrillero Ej\u00e9rcito de Liberaci\u00f3n Nacional (ELN) como los renegados del acuerdo de paz con las FARC, una versi\u00f3n que la alcaldesa de Bogot\u00e1, Claudia L\u00f3pez, no comparte. (<\/p>\n","protected":false},"excerpt":{"rendered":"<p>Hay amenazas contra los testigos, dice abogado de la familia BOGOTA, 19 SET &#8211; Bajo cargos de &#8220;tortura y homicidio agravado&#8221; ser\u00e1n imputados los dos&hellip;<\/p>\n","protected":false},"author":99,"featured_media":0,"comment_status":"open","ping_status":"open","sticky":false,"template":"","format":"standard","meta":{"footnotes":""},"categories":[23],"tags":[],"class_list":["post-493930","post","type-post","status-publish","format-standard","hentry","category-latinoamerica"],"_links":{"self":[{"href":"https:\/\/diarioelpopular.com\/index.php\/wp-json\/wp\/v2\/posts\/493930","targetHints":{"allow":["GET"]}}],"collection":[{"href":"https:\/\/diarioelpopular.com\/index.php\/wp-json\/wp\/v2\/posts"}],"about":[{"href":"https:\/\/diarioelpopular.com\/index.php\/wp-json\/wp\/v2\/types\/post"}],"author":[{"embeddable":true,"href":"https:\/\/diarioelpopular.com\/index.php\/wp-json\/wp\/v2\/users\/99"}],"replies":[{"embeddable":true,"href":"https:\/\/diarioelpopular.com\/index.php\/wp-json\/wp\/v2\/comments?post=493930"}],"version-history":[{"count":1,"href":"https:\/\/diarioelpopular.com\/index.php\/wp-json\/wp\/v2\/posts\/493930\/revisions"}],"predecessor-version":[{"id":493932,"href":"https:\/\/diarioelpopular.com\/index.php\/wp-json\/wp\/v2\/posts\/493930\/revisions\/493932"}],"wp:attachment":[{"href":"https:\/\/diarioelpopular.com\/index.php\/wp-json\/wp\/v2\/media?parent=493930"}],"wp:term":[{"taxonomy":"category","embeddable":true,"href":"https:\/\/diarioelpopular.com\/index.php\/wp-json\/wp\/v2\/categories?post=493930"},{"taxonomy":"post_tag","embeddable":true,"href":"https:\/\/diarioelpopular.com\/index.php\/wp-json\/wp\/v2\/tags?post=493930"}],"curies":[{"name":"wp","href":"https:\/\/api.w.org\/{rel}","templated":true}]}}