{"id":493936,"date":"2020-09-19T11:06:58","date_gmt":"2020-09-19T15:06:58","guid":{"rendered":"https:\/\/diarioelpopular.com\/?p=493936"},"modified":"2020-09-19T11:06:58","modified_gmt":"2020-09-19T15:06:58","slug":"presidente-vizcarra-se-salva-de-ser-destituido-por-el-congreso-de-peru","status":"publish","type":"post","link":"https:\/\/diarioelpopular.com\/index.php\/2020\/09\/19\/presidente-vizcarra-se-salva-de-ser-destituido-por-el-congreso-de-peru\/","title":{"rendered":"Presidente Vizcarra se salva de ser destituido por el Congreso de Per\u00fa"},"content":{"rendered":"<div id=\"attachment_493937\" style=\"width: 310px\" class=\"wp-caption alignnone\"><img loading=\"lazy\" decoding=\"async\" aria-describedby=\"caption-attachment-493937\" class=\"size-medium wp-image-493937\" src=\"https:\/\/diarioelpopular.com\/wp-content\/uploads\/2020\/09\/5f072c29ae353-300x150.jpeg\" alt=\"\" width=\"300\" height=\"150\" \/><p id=\"caption-attachment-493937\" class=\"wp-caption-text\"><em>Mart\u00edn Vizcarra no ser\u00e1 destituido.<\/em><\/p><\/div>\n<h4><em><strong>Apenas 32 legisladores votaron a favor de la destituci\u00f3n, 78 en contra y 15 se abstuvieron<\/strong><\/em><\/h4>\n<p>El presidente de Per\u00fa, Mart\u00edn Vizcarra, se salv\u00f3 este viernes de ser destituido por el Congreso al cierre de un juicio pol\u00edtico, al no alcanzar sus adversarios los votos necesarios para sacarlo del poder.<\/p>\n<p>Tras un debate parlamentario de 10 horas, en el que mandatario present\u00f3 sus descargos al inicio, apenas 32 legisladores votaron a favor de la destituci\u00f3n, 78 en contra y 15 se abstuvieron, por lo que la moci\u00f3n fue archivada. Los adversarios de Vizcarra necesitaban 87 votos, de un total de 130, para cesar al popular gobernante.<\/p>\n<p>&#8220;No ha sido aprobado el pedido de vacancia, en consecuencia pasa al archivo&#8221;, declar\u00f3 tras la votaci\u00f3n el jefe del Congreso, el opositor Manuel Merino, quien habr\u00eda asumido el poder si hubiese prosperado el juicio contra Vizcarra, que \u00e9l promovi\u00f3.<\/p>\n<p>El proceso de destituci\u00f3n por &#8216;incapacidad moral&#8217;, iniciado hace apenas una semana,cre\u00f3 gran incertidumbre en el pa\u00eds andino, en medio de la pandemia del nuevo coronavirus y la recesi\u00f3n econ\u00f3mica.<\/p>\n<p>Vizcarra, ingeniero de 57 a\u00f1os, hab\u00eda sido acusado de instigar a dos asesoras a mentir en una investigaci\u00f3n sobre los cuestionados contratos de un cantante, seg\u00fan unos audios filtrados. El mandatario de centroderecha debe gobernar hasta el 28 de julio de 2021.<\/p>\n<p>Las elecciones presidenciales y legislativas est\u00e1n convocadas para abril de 2021. M\u00e1s de 70 parlamentarios hablaron durante el debate previo a la votaci\u00f3n.<\/p>\n","protected":false},"excerpt":{"rendered":"<p>Apenas 32 legisladores votaron a favor de la destituci\u00f3n, 78 en contra y 15 se abstuvieron El presidente de Per\u00fa, Mart\u00edn Vizcarra, se salv\u00f3 este&hellip;<\/p>\n","protected":false},"author":99,"featured_media":0,"comment_status":"open","ping_status":"open","sticky":false,"template":"","format":"standard","meta":{"footnotes":""},"categories":[23],"tags":[],"class_list":["post-493936","post","type-post","status-publish","format-standard","hentry","category-latinoamerica"],"_links":{"self":[{"href":"https:\/\/diarioelpopular.com\/index.php\/wp-json\/wp\/v2\/posts\/493936","targetHints":{"allow":["GET"]}}],"collection":[{"href":"https:\/\/diarioelpopular.com\/index.php\/wp-json\/wp\/v2\/posts"}],"about":[{"href":"https:\/\/diarioelpopular.com\/index.php\/wp-json\/wp\/v2\/types\/post"}],"author":[{"embeddable":true,"href":"https:\/\/diarioelpopular.com\/index.php\/wp-json\/wp\/v2\/users\/99"}],"replies":[{"embeddable":true,"href":"https:\/\/diarioelpopular.com\/index.php\/wp-json\/wp\/v2\/comments?post=493936"}],"version-history":[{"count":1,"href":"https:\/\/diarioelpopular.com\/index.php\/wp-json\/wp\/v2\/posts\/493936\/revisions"}],"predecessor-version":[{"id":493938,"href":"https:\/\/diarioelpopular.com\/index.php\/wp-json\/wp\/v2\/posts\/493936\/revisions\/493938"}],"wp:attachment":[{"href":"https:\/\/diarioelpopular.com\/index.php\/wp-json\/wp\/v2\/media?parent=493936"}],"wp:term":[{"taxonomy":"category","embeddable":true,"href":"https:\/\/diarioelpopular.com\/index.php\/wp-json\/wp\/v2\/categories?post=493936"},{"taxonomy":"post_tag","embeddable":true,"href":"https:\/\/diarioelpopular.com\/index.php\/wp-json\/wp\/v2\/tags?post=493936"}],"curies":[{"name":"wp","href":"https:\/\/api.w.org\/{rel}","templated":true}]}}