{"id":493955,"date":"2020-09-21T10:17:23","date_gmt":"2020-09-21T14:17:23","guid":{"rendered":"https:\/\/diarioelpopular.com\/?p=493955"},"modified":"2020-09-21T10:17:23","modified_gmt":"2020-09-21T14:17:23","slug":"ecuador-desperto-el-sangay-lluvia-de-cenizas","status":"publish","type":"post","link":"https:\/\/diarioelpopular.com\/index.php\/2020\/09\/21\/ecuador-desperto-el-sangay-lluvia-de-cenizas\/","title":{"rendered":"Ecuador: Despert\u00f3 el Sangay, lluvia de cenizas"},"content":{"rendered":"<div id=\"attachment_493956\" style=\"width: 310px\" class=\"wp-caption alignnone\"><img loading=\"lazy\" decoding=\"async\" aria-describedby=\"caption-attachment-493956\" class=\"size-medium wp-image-493956\" src=\"https:\/\/diarioelpopular.com\/wp-content\/uploads\/2020\/09\/94e204095fe4114b02d6aef92254615d-300x200.jpg\" alt=\"\" width=\"300\" height=\"200\" \/><p id=\"caption-attachment-493956\" class=\"wp-caption-text\"><em>Erupciones en el volc\u00e1n Sangay, en Ecuador. Una lluvia de cenizas.<\/em><\/p><\/div>\n<h4><em><strong>Cerrado por seis horas el aeropuerto de Guayaquil<\/strong><\/em><\/h4>\n<p><em><strong>QUITO, 21 SET &#8211;<\/strong> <\/em>En las \u00faltimas 24 horas, el volc\u00e1n ecuatoriano Sangay ha mostrado una intensificaci\u00f3n de su actividad eruptiva, produciendo una columna de lapilli y cenizas de diez kil\u00f3metros de altura, que luego cay\u00f3 en distritos de seis provincias, provocando alarma por sus efectos en cultivos, ganado y reservas de agua.<br \/>\nEl Sangay (5.230 metros) est\u00e1 ubicado en la sure\u00f1a provincia de Morona Santiago y es el m\u00e1s activo de los volcanes ecuatorianos.<br \/>\nEn las \u00faltimas horas ha mostrado un aumento de la actividad s\u00edsmica, acompa\u00f1ado de un centenar de explosiones.<br \/>\nEl Servicio Nacional de Gesti\u00f3n de Riesgos y Emergencias (SNGRE) confirm\u00f3 que una gran cantidad de cenizas impactaron a unos cuarenta cantones de las provincias de Chimborazo, Bol\u00edvar, Guayas, Los R\u00edos, Manab\u00ed y Santa Elena.<br \/>\nAl trazar una imagen de la situaci\u00f3n, el director del SNGRE, Rommel Salazar, en primer lugar confirm\u00f3 que &#8220;por el momento no hay noticias de muertos ni heridos&#8221; y luego pidi\u00f3 a las autoridades locales que preparen medidas de emergencia en materia de protecci\u00f3n de los suministros de agua, alimentos para el ganado y pidi\u00f3 restringir la apertura de actividades comerciales y actividades al aire libre.<br \/>\nFinalmente, la gran cantidad de cenizas depositadas en la pista del aeropuerto de Guayaquil, la capital industrial de Ecuador, provoc\u00f3 su cierre por siete horas.<\/p>\n","protected":false},"excerpt":{"rendered":"<p>Cerrado por seis horas el aeropuerto de Guayaquil QUITO, 21 SET &#8211; En las \u00faltimas 24 horas, el volc\u00e1n ecuatoriano Sangay ha mostrado una intensificaci\u00f3n&hellip;<\/p>\n","protected":false},"author":99,"featured_media":0,"comment_status":"open","ping_status":"open","sticky":false,"template":"","format":"standard","meta":{"footnotes":""},"categories":[23],"tags":[],"class_list":["post-493955","post","type-post","status-publish","format-standard","hentry","category-latinoamerica"],"_links":{"self":[{"href":"https:\/\/diarioelpopular.com\/index.php\/wp-json\/wp\/v2\/posts\/493955","targetHints":{"allow":["GET"]}}],"collection":[{"href":"https:\/\/diarioelpopular.com\/index.php\/wp-json\/wp\/v2\/posts"}],"about":[{"href":"https:\/\/diarioelpopular.com\/index.php\/wp-json\/wp\/v2\/types\/post"}],"author":[{"embeddable":true,"href":"https:\/\/diarioelpopular.com\/index.php\/wp-json\/wp\/v2\/users\/99"}],"replies":[{"embeddable":true,"href":"https:\/\/diarioelpopular.com\/index.php\/wp-json\/wp\/v2\/comments?post=493955"}],"version-history":[{"count":1,"href":"https:\/\/diarioelpopular.com\/index.php\/wp-json\/wp\/v2\/posts\/493955\/revisions"}],"predecessor-version":[{"id":493957,"href":"https:\/\/diarioelpopular.com\/index.php\/wp-json\/wp\/v2\/posts\/493955\/revisions\/493957"}],"wp:attachment":[{"href":"https:\/\/diarioelpopular.com\/index.php\/wp-json\/wp\/v2\/media?parent=493955"}],"wp:term":[{"taxonomy":"category","embeddable":true,"href":"https:\/\/diarioelpopular.com\/index.php\/wp-json\/wp\/v2\/categories?post=493955"},{"taxonomy":"post_tag","embeddable":true,"href":"https:\/\/diarioelpopular.com\/index.php\/wp-json\/wp\/v2\/tags?post=493955"}],"curies":[{"name":"wp","href":"https:\/\/api.w.org\/{rel}","templated":true}]}}