{"id":493964,"date":"2020-09-21T20:16:59","date_gmt":"2020-09-22T00:16:59","guid":{"rendered":"https:\/\/diarioelpopular.com\/?p=493964"},"modified":"2020-09-21T20:16:59","modified_gmt":"2020-09-22T00:16:59","slug":"el-virus-aumenta-los-abusos-en-latinoamerica","status":"publish","type":"post","link":"https:\/\/diarioelpopular.com\/index.php\/2020\/09\/21\/el-virus-aumenta-los-abusos-en-latinoamerica\/","title":{"rendered":"El virus aumenta los abusos en Latinoam\u00e9rica"},"content":{"rendered":"<div id=\"attachment_493965\" style=\"width: 310px\" class=\"wp-caption alignnone\"><img loading=\"lazy\" decoding=\"async\" aria-describedby=\"caption-attachment-493965\" class=\"size-medium wp-image-493965\" src=\"https:\/\/diarioelpopular.com\/wp-content\/uploads\/2020\/09\/7aa6d017d5a3444664fd0d4992f9032d-300x197.jpg\" alt=\"\" width=\"300\" height=\"197\" \/><p id=\"caption-attachment-493965\" class=\"wp-caption-text\"><em>Virus aumenta los abusos en Latinoam\u00e9rica (foto: EPA)<\/em><\/p><\/div>\n<h4><em><strong>Experta de Amnist\u00eda Internacional lanza severa advertencia<\/strong><\/em><\/h4>\n<p><em><strong>BUENOS AIRES, 21 SET &#8211;<\/strong> <\/em>&#8220;La represi\u00f3n y la discriminaci\u00f3n son problemas estructurales en Latinoam\u00e9rica&#8221;, pero se observa que el Covid-19 est\u00e1 &#8220;aumentando las desigualdades estructurales y las tendencias hist\u00f3ricas en violaciones de derechos humanos&#8221; en la regi\u00f3n, advirti\u00f3 hoy Louise Tillotson, de Amnist\u00eda Internacional (AI).<br \/>\n&#8220;Desde marzo, muchos pa\u00edses de las Am\u00e9ricas han declarado el estado de excepci\u00f3n y han impuesto cuarentenas y\/o toques de queda con el objetivo de frenar la propagaci\u00f3n&#8221; de la enfermedad, dijo la experta entrevistada por ANSA.<br \/>\nEn torno a esas fechas, ampli\u00f3, AI comenz\u00f3 a recibir indicios preocupantes de que los gobiernos estaban adoptando t\u00e1cticas represivas para hacer cumplir medidas de salud p\u00fablica relacionadas con la pandemia.<br \/>\nTillotson detall\u00f3 que para mediados de mayo los equipos de investigaci\u00f3n de AI y el Evidence Lab del Programa de Respuesta a las Crisis hab\u00edan verificado m\u00e1s de 60 v\u00eddeos que mostraban el uso de la detenci\u00f3n como primer recurso en lugar de como \u00faltimo.<br \/>\nTambi\u00e9n se toparon con &#8220;el uso excesivo e innecesario de la fuerza en la aplicaci\u00f3n de los confinamientos por Covid-19 y en la actuaci\u00f3n policial en protestas por la falta de alimentos y otros productos de primera necesidad&#8221;.<br \/>\nOtra de las anomal\u00edas observadas en materia de derechos humanos fue &#8220;la imposici\u00f3n de cuarentenas estatales obligatorias en condiciones inhumanas&#8221;, ampli\u00f3 la experta a ANSA.<br \/>\n&#8220;Todos los v\u00eddeos parec\u00edan indicar que quienes viven en pobreza, las personas sin hogar y la poblaci\u00f3n refugiada y migrante ten\u00edan m\u00e1s probabilidades de sufrir estas medidas punitivas&#8221;, se\u00f1al\u00f3.<br \/>\n&#8220;Lo que hemos documentado con este nuevo informe que se difundi\u00f3 hoy es que en al menos dos pa\u00edses -El Salvador y Venezuela- los enfoques represivos han impregnado sus respuestas en materia de salud p\u00fablica y han convertido medidas de salud p\u00fablica, como la cuarentena, en respuestas potencialmente punitivas&#8221;, dijo Tillotson, responsable de ese trabajo.<br \/>\nLa investigadora eludi\u00f3 comparar la situaci\u00f3n en Latinoam\u00e9rica de los derechos humanos con otros continentes pero resalt\u00f3 que en otras regiones tambi\u00e9n se han detectado &#8220;preocupantes violaciones a los derechos humanos bajo el pretexto del Covid-19 en diferentes pa\u00edses&#8221;.<br \/>\n&#8220;Por ejemplo, se implement\u00f3 cuarentenas en Kenia, al principio de la pandemia, con preocupaciones similares sobre las violaciones a los derechos humanos&#8221;, precis\u00f3.<br \/>\n&#8220;Y en Europa documentamos como confinamientos por Covid-19 ponen al descubierto prejuicios raciales y discriminaci\u00f3n en la polic\u00eda&#8221;, ampli\u00f3 la investigadora.<\/p>\n","protected":false},"excerpt":{"rendered":"<p>Experta de Amnist\u00eda Internacional lanza severa advertencia BUENOS AIRES, 21 SET &#8211; &#8220;La represi\u00f3n y la discriminaci\u00f3n son problemas estructurales en Latinoam\u00e9rica&#8221;, pero se observa&hellip;<\/p>\n","protected":false},"author":99,"featured_media":0,"comment_status":"open","ping_status":"open","sticky":false,"template":"","format":"standard","meta":{"footnotes":""},"categories":[23],"tags":[],"class_list":["post-493964","post","type-post","status-publish","format-standard","hentry","category-latinoamerica"],"_links":{"self":[{"href":"https:\/\/diarioelpopular.com\/index.php\/wp-json\/wp\/v2\/posts\/493964","targetHints":{"allow":["GET"]}}],"collection":[{"href":"https:\/\/diarioelpopular.com\/index.php\/wp-json\/wp\/v2\/posts"}],"about":[{"href":"https:\/\/diarioelpopular.com\/index.php\/wp-json\/wp\/v2\/types\/post"}],"author":[{"embeddable":true,"href":"https:\/\/diarioelpopular.com\/index.php\/wp-json\/wp\/v2\/users\/99"}],"replies":[{"embeddable":true,"href":"https:\/\/diarioelpopular.com\/index.php\/wp-json\/wp\/v2\/comments?post=493964"}],"version-history":[{"count":1,"href":"https:\/\/diarioelpopular.com\/index.php\/wp-json\/wp\/v2\/posts\/493964\/revisions"}],"predecessor-version":[{"id":493966,"href":"https:\/\/diarioelpopular.com\/index.php\/wp-json\/wp\/v2\/posts\/493964\/revisions\/493966"}],"wp:attachment":[{"href":"https:\/\/diarioelpopular.com\/index.php\/wp-json\/wp\/v2\/media?parent=493964"}],"wp:term":[{"taxonomy":"category","embeddable":true,"href":"https:\/\/diarioelpopular.com\/index.php\/wp-json\/wp\/v2\/categories?post=493964"},{"taxonomy":"post_tag","embeddable":true,"href":"https:\/\/diarioelpopular.com\/index.php\/wp-json\/wp\/v2\/tags?post=493964"}],"curies":[{"name":"wp","href":"https:\/\/api.w.org\/{rel}","templated":true}]}}