{"id":493980,"date":"2020-09-23T09:26:39","date_gmt":"2020-09-23T13:26:39","guid":{"rendered":"https:\/\/diarioelpopular.com\/?p=493980"},"modified":"2020-09-23T09:26:39","modified_gmt":"2020-09-23T13:26:39","slug":"retorno-voluntario-a-clases-en-chile","status":"publish","type":"post","link":"https:\/\/diarioelpopular.com\/index.php\/2020\/09\/23\/retorno-voluntario-a-clases-en-chile\/","title":{"rendered":"Retorno voluntario a clases en Chile"},"content":{"rendered":"<div id=\"attachment_493981\" style=\"width: 160px\" class=\"wp-caption alignnone\"><img loading=\"lazy\" decoding=\"async\" aria-describedby=\"caption-attachment-493981\" class=\"size-thumbnail wp-image-493981\" src=\"https:\/\/diarioelpopular.com\/wp-content\/uploads\/2020\/09\/3d3a5c51dd2bdacb844741b3d4eeca5c-150x150.jpg\" alt=\"\" width=\"150\" height=\"150\" \/><p id=\"caption-attachment-493981\" class=\"wp-caption-text\"><em>Retorno voluntario a clases en Chile.<\/em><br \/><em>(foto: EPA)<\/em><\/p><\/div>\n<h4><em><strong>Al menos por un mes, inst\u00f3 el ministro de Educaci\u00f3n<\/strong><\/em><\/h4>\n<p><em><strong>SANTIAGO DEL CHILE, 23 SET &#8211;<\/strong> <\/em>El Ministro de Educaci\u00f3n de Chile, Ra\u00fal Figueroa, inst\u00f3 al retorno voluntario de las clases aunque al menos sea por un mes, luego de haber sido suspendidas desde marzo como consecuencia de la pandemia por el coronavirus.<br \/>\nFigueroa explic\u00f3 que esto ser\u00e1 posible solo en comunas en etapas avanzadas de desconfinamiento; pero resalt\u00f3 que es necesario reanudar las clases presenciales.<br \/>\nEl jefe de la cartera acus\u00f3 una &#8220;campa\u00f1a del terror&#8221; contra el regreso a las aulas y defendi\u00f3 su postura se\u00f1alando que vale la pena incluso si los estudiantes cursan solamente un mes, en el caso de que se autorice en noviembre o diciembre.<br \/>\nSostuvo que hay aspectos m\u00e1s all\u00e1 de lo educativo, como sociabilizar entre los mismos alumnos y revertir las proyecciones de deserci\u00f3n escolar, que podr\u00eda afectar a 80 mil estudiantes.<br \/>\n&#8220;Sabemos que los apoderados tienen un justificado temor frente a la pandemia y al hecho de volver a las clases presenciales. En ese sentido, creemos que es fundamental que en aquellos territorios donde las condiciones sanitarias lo permitan, los sostenedores est\u00e9n disponibles&#8221;, recalc\u00f3.<br \/>\nAsever\u00f3 que &#8220;para el Ministerio de Educaci\u00f3n no existe ninguna posibilidad de poner t\u00e9rmino anticipado al a\u00f1o escolar&#8221;.<br \/>\nPor lo que emplaz\u00f3 a los sostenedores p\u00fablicos y privados de los distintos establecimientos a cursar estas solicitudes a su cartera, que ya ha recibido al menos 500 peticiones que han sido aprobadas y 124 que est\u00e1n tramit\u00e1ndose, principalmente de regiones distintas a la Metropolitana.<br \/>\nEl ministro adelant\u00f3 que se destinar\u00e1n 14,2 millones de d\u00f3lares para la compra de elementos de protecci\u00f3n personal frente al potencial regreso a clases, y as\u00ed dar seguridad a los padres y apoderados sobre la medida.<br \/>\nHace una semana, la encuesta Cadem arroj\u00f3 que el 4% de los apoderados prefer\u00eda una vuelta a clases presenciales despu\u00e9s de Fiestas Patrias (21 de septiembre) mientras un 48% pidi\u00f3 dejar que los padres decidan si sus hijos deben concurrir.<br \/>\nEl presidente del Colegio de Profesores, Mario Aguilar, es contrario a la vuelta a clases presenciales este a\u00f1o y plante\u00f3 incluso la idea de promover autom\u00e1ticamente a todos los estudiantes del pa\u00eds.<br \/>\n&#8220;El foco del Ministerio en este momento debiera estar en apoyar a las familias y a los estudiantes que no tienen conectividad&#8221;, postul\u00f3.<br \/>\n&#8220;Hay recursos para eso, se pueden redestinar los recursos del Simce (prueba que mide la calidad de la educaci\u00f3n, suspendida por la pandemia) y la evaluaci\u00f3n docente, que son 35 mil millones de pesos (45,4 millones de d\u00f3lares)&#8221;, asegur\u00f3.<br \/>\nSugiri\u00f3 tambi\u00e9n que la inversi\u00f3n de la cartera se destine a &#8220;ir preparando las condiciones para un retorno en 2021. Hacerlo con tiempo, de acuerdo con las comunidades educativas&#8221;.<br \/>\nPropuso &#8220;generar una mesa de trabajo, donde est\u00e9n los especialistas sanitarios, pero tambi\u00e9n estemos los representantes de las comunidades educativas&#8221;.<br \/>\nEl Ministerio ya cuenta con un plan para el retorno seguro a clases, y en \u00e9l se argumenta que &#8220;la escuela es un lugar de encuentro y nada reemplaza los v\u00ednculos y las relaciones que se establecen en ella. Por eso, debemos prepararnos para el re-encuentro luego de un largo per\u00edodo de aislamiento y distancia social&#8221;.<br \/>\nEl retorno se apoya en cinco pilares: Seguridad sanitaria; Flexibilidad, dada la realidad diferente de cada territorio acompa\u00f1ado de gradualidad; Equidad, garantizar que todos los estudiantes puedan acceder a la misma educaci\u00f3n, a diferencia del aprendizaje a distancia que es dispar y desigual, ya que no todas las familias cuentan con las mismas herramientas. El cuarto pilar es la Recuperaci\u00f3n de aprendizajes, porque no es lo mismo aprender de forma presencial. Las clases presenciales son irremplazables. Este plan responde a criterios pedag\u00f3gicos, a fin de resguardar las trayectorias educativas de los estudiantes.<br \/>\nPor \u00faltimo, Contenci\u00f3n socioemocional, dado que la pandemia ha expuesto a la poblaci\u00f3n a escenarios complejos que han impactado fuertemente en la salud mental de las comunidades educativas, y de la ciudadan\u00eda en general. El plan pedag\u00f3gico tiene como primera etapa un diagn\u00f3stico socioemocional para conocer el estado de cada uno de los estudiantes.<\/p>\n","protected":false},"excerpt":{"rendered":"<p>Al menos por un mes, inst\u00f3 el ministro de Educaci\u00f3n SANTIAGO DEL CHILE, 23 SET &#8211; El Ministro de Educaci\u00f3n de Chile, Ra\u00fal Figueroa, inst\u00f3&hellip;<\/p>\n","protected":false},"author":99,"featured_media":0,"comment_status":"open","ping_status":"open","sticky":false,"template":"","format":"standard","meta":{"footnotes":""},"categories":[23],"tags":[],"class_list":["post-493980","post","type-post","status-publish","format-standard","hentry","category-latinoamerica"],"_links":{"self":[{"href":"https:\/\/diarioelpopular.com\/index.php\/wp-json\/wp\/v2\/posts\/493980","targetHints":{"allow":["GET"]}}],"collection":[{"href":"https:\/\/diarioelpopular.com\/index.php\/wp-json\/wp\/v2\/posts"}],"about":[{"href":"https:\/\/diarioelpopular.com\/index.php\/wp-json\/wp\/v2\/types\/post"}],"author":[{"embeddable":true,"href":"https:\/\/diarioelpopular.com\/index.php\/wp-json\/wp\/v2\/users\/99"}],"replies":[{"embeddable":true,"href":"https:\/\/diarioelpopular.com\/index.php\/wp-json\/wp\/v2\/comments?post=493980"}],"version-history":[{"count":1,"href":"https:\/\/diarioelpopular.com\/index.php\/wp-json\/wp\/v2\/posts\/493980\/revisions"}],"predecessor-version":[{"id":493982,"href":"https:\/\/diarioelpopular.com\/index.php\/wp-json\/wp\/v2\/posts\/493980\/revisions\/493982"}],"wp:attachment":[{"href":"https:\/\/diarioelpopular.com\/index.php\/wp-json\/wp\/v2\/media?parent=493980"}],"wp:term":[{"taxonomy":"category","embeddable":true,"href":"https:\/\/diarioelpopular.com\/index.php\/wp-json\/wp\/v2\/categories?post=493980"},{"taxonomy":"post_tag","embeddable":true,"href":"https:\/\/diarioelpopular.com\/index.php\/wp-json\/wp\/v2\/tags?post=493980"}],"curies":[{"name":"wp","href":"https:\/\/api.w.org\/{rel}","templated":true}]}}