{"id":493983,"date":"2020-09-23T09:29:09","date_gmt":"2020-09-23T13:29:09","guid":{"rendered":"https:\/\/diarioelpopular.com\/?p=493983"},"modified":"2020-09-23T09:29:09","modified_gmt":"2020-09-23T13:29:09","slug":"por-retiro-de-anez-se-disuelve-la-coalicion-juntos","status":"publish","type":"post","link":"https:\/\/diarioelpopular.com\/index.php\/2020\/09\/23\/por-retiro-de-anez-se-disuelve-la-coalicion-juntos\/","title":{"rendered":"Por retiro de A\u00f1ez, se disuelve la coalici\u00f3n Juntos"},"content":{"rendered":"<div id=\"attachment_493984\" style=\"width: 160px\" class=\"wp-caption alignnone\"><img loading=\"lazy\" decoding=\"async\" aria-describedby=\"caption-attachment-493984\" class=\"size-thumbnail wp-image-493984\" src=\"https:\/\/diarioelpopular.com\/wp-content\/uploads\/2020\/09\/b2b637640e4424a1d60c2b0d57d41496-150x150.jpg\" alt=\"\" width=\"150\" height=\"150\" \/><p id=\"caption-attachment-493984\" class=\"wp-caption-text\">Jeanine A\u00f1ez.<\/p><\/div>\n<h4><em><strong>La presidenta interina abandon\u00f3 la campa\u00f1a electoral<\/strong><\/em><\/h4>\n<p><em><strong>LA PAZ, 23 SET &#8211;<\/strong><\/em> La coalici\u00f3n boliviana Juntos, que apoyaba a la presidenta interina Jeanine A\u00f1ez, decidi\u00f3 disolverse tras la decisi\u00f3n de aqu\u00e9lla de retirarse de la competencia electoral, de cara a las elecciones generales del 18 de octubre pr\u00f3ximo.<br \/>\nAl t\u00e9rmino de una reuni\u00f3n en La Paz, el portavoz de Juntos, Luis Revilla, confirm\u00f3 la decisi\u00f3n de disoluci\u00f3n y precis\u00f3 que los partidos que la integraban tambi\u00e9n acordaron retirar a todos los candidatos presentados para la renovaci\u00f3n de la c\u00e1mara de Diputados y el Senado.<br \/>\nLa coalici\u00f3n que apoyaba la candidatura de A\u00f1ez para confirmarse en el cargo estaba integrada por los partidos nacionales Soberan\u00eda y Libertad; Unidad Nacional; Movimiento Dem\u00f3crata Social y UD-A de Tarija, adem\u00e1s de otras agrupaciones pol\u00edticas regionales.<br \/>\nRevilla descart\u00f3 que la disoluci\u00f3n de Juntos se haya producido despu\u00e9s de tratativas con otras fuerzas de oposici\u00f3n y agreg\u00f3 que los candidatos liberados de sus compromisos son libres de adherir a otras opciones de cara a la cita electoral de octubre.<\/p>\n","protected":false},"excerpt":{"rendered":"<p>La presidenta interina abandon\u00f3 la campa\u00f1a electoral LA PAZ, 23 SET &#8211; La coalici\u00f3n boliviana Juntos, que apoyaba a la presidenta interina Jeanine A\u00f1ez, decidi\u00f3&hellip;<\/p>\n","protected":false},"author":99,"featured_media":0,"comment_status":"open","ping_status":"open","sticky":false,"template":"","format":"standard","meta":{"footnotes":""},"categories":[23],"tags":[],"class_list":["post-493983","post","type-post","status-publish","format-standard","hentry","category-latinoamerica"],"_links":{"self":[{"href":"https:\/\/diarioelpopular.com\/index.php\/wp-json\/wp\/v2\/posts\/493983","targetHints":{"allow":["GET"]}}],"collection":[{"href":"https:\/\/diarioelpopular.com\/index.php\/wp-json\/wp\/v2\/posts"}],"about":[{"href":"https:\/\/diarioelpopular.com\/index.php\/wp-json\/wp\/v2\/types\/post"}],"author":[{"embeddable":true,"href":"https:\/\/diarioelpopular.com\/index.php\/wp-json\/wp\/v2\/users\/99"}],"replies":[{"embeddable":true,"href":"https:\/\/diarioelpopular.com\/index.php\/wp-json\/wp\/v2\/comments?post=493983"}],"version-history":[{"count":1,"href":"https:\/\/diarioelpopular.com\/index.php\/wp-json\/wp\/v2\/posts\/493983\/revisions"}],"predecessor-version":[{"id":493985,"href":"https:\/\/diarioelpopular.com\/index.php\/wp-json\/wp\/v2\/posts\/493983\/revisions\/493985"}],"wp:attachment":[{"href":"https:\/\/diarioelpopular.com\/index.php\/wp-json\/wp\/v2\/media?parent=493983"}],"wp:term":[{"taxonomy":"category","embeddable":true,"href":"https:\/\/diarioelpopular.com\/index.php\/wp-json\/wp\/v2\/categories?post=493983"},{"taxonomy":"post_tag","embeddable":true,"href":"https:\/\/diarioelpopular.com\/index.php\/wp-json\/wp\/v2\/tags?post=493983"}],"curies":[{"name":"wp","href":"https:\/\/api.w.org\/{rel}","templated":true}]}}