{"id":494007,"date":"2020-09-24T10:27:18","date_gmt":"2020-09-24T14:27:18","guid":{"rendered":"https:\/\/diarioelpopular.com\/?p=494007"},"modified":"2020-09-24T10:27:18","modified_gmt":"2020-09-24T14:27:18","slug":"anez-ataca-a-la-argentina-replica-de-buenos-aires","status":"publish","type":"post","link":"https:\/\/diarioelpopular.com\/index.php\/2020\/09\/24\/anez-ataca-a-la-argentina-replica-de-buenos-aires\/","title":{"rendered":"A\u00f1ez ataca a la Argentina, r\u00e9plica de Buenos Aires"},"content":{"rendered":"<div id=\"attachment_494008\" style=\"width: 160px\" class=\"wp-caption alignnone\"><img loading=\"lazy\" decoding=\"async\" aria-describedby=\"caption-attachment-494008\" class=\"size-thumbnail wp-image-494008\" src=\"https:\/\/diarioelpopular.com\/wp-content\/uploads\/2020\/09\/deba151da647d89f36017c33c3e9a1bc-150x150.jpg\" alt=\"\" width=\"150\" height=\"150\" \/><p id=\"caption-attachment-494008\" class=\"wp-caption-text\"><em>La presidente interina de Bolivia, Jeanine A\u00f1ez, habla ante la Asamblea General de la ONU. (foto: EPA)<\/em><\/p><\/div>\n<h4><em><strong>Evo Morales, la raz\u00f3n del entuerto diplom\u00e1tico. M\u00e1s tensiones<\/strong><\/em><\/h4>\n<p><em><strong>BUENOS AIRES, 24 SET &#8211;<\/strong><\/em> La Canciller\u00eda de Argentina reaccion\u00f3 con dureza y lament\u00f3 las expresiones de la presidenta interina de Bolivia, Jeanine A\u00f1ez, en su discurso en las Naciones Unidas, donde denunci\u00f3 que el Gobierno de Alberto Fern\u00e1ndez ejerce un &#8220;acoso sistem\u00e1tico y abusivo&#8221; en contra suya.<br \/>\n&#8220;La Canciller\u00eda argentina lamenta que en su intervenci\u00f3n ante la Asamblea General de la ONU la se\u00f1ora Jeanine A\u00f1ez haya insistido en procurar involucrar al gobierno argentino, en plena campa\u00f1a electoral, en la pol\u00edtica interna del Estado Plurinacional de Bolivia&#8221;, se\u00f1ala el texto difundido por el ministerio de Relaciones Exteriores de Buenos Aires.<br \/>\nEn su intervenci\u00f3n en la ONU, A\u00f1ez se pregunt\u00f3 &#8220;cu\u00e1l es la autoridad&#8221; que tiene el Gobierno argentino -con Alberto Fern\u00e1ndez como presidente y Cristina Fern\u00e1ndez de Kirchner como vicepresidenta- &#8220;para hacer de la intromisi\u00f3n la clave de su pol\u00edtica exterior hacia Bolivia&#8221; y &#8220;para amparar una conspiraci\u00f3n violenta de (del ex mandatario, NDR) Evo Morales contra la democracia boliviana&#8221;.<br \/>\nLa presidenta interina, que recientemente cancel\u00f3 su candidatura para las elecciones generales de octubre, cuestion\u00f3 en su discurso una supuesta autoridad que se arrogar\u00eda el Gobierno argentino para &#8220;para ofrecer impunidad&#8221; a Morales, quien tras abandonar Bolivia en noviembre del a\u00f1o pasado, denunciando un golpe de Estado, lleg\u00f3 a Buenos Aires en diciembre y solicit\u00f3 refugio.<br \/>\nDesde la capital argentina, Morales, proscripto para las elecciones en su pa\u00eds, que afronta diversos procesos penales ante la Justicia boliviana y que fue calificado por A\u00f1ez como un &#8220;exdictador&#8221;, ejerce como jefe de campa\u00f1a de su partido el Movimiento al Socialismo (MAS) para los comicios.<br \/>\n&#8220;Sepa el populismo kirchnerista que la naci\u00f3n boliviana no es propiedad privada de ninguna casta, la democracia boliviana se respeta, el pueblo boliviano se respeta&#8221;, subray\u00f3 la mandataria boliviana, que invit\u00f3 a los pa\u00edses del mundo a observar el proceso electoral, que dijo ser\u00e1 &#8220;limpio y sin fraude&#8221;.<br \/>\nEn su discurso de apertura ante la 75 Asamblea de la ONU, la presidenta interina de Bolivia dijo que &#8220;valora y quiere a la Argentina como se quiere a un hermano&#8221; y a\u00f1adi\u00f3: &#8220;No tenemos nada contra el peronismo, que valoramos como una tradici\u00f3n pol\u00edtica, la tradici\u00f3n nacional-popular, impulsora de enormes logros en la modernizaci\u00f3n social de Argentina&#8221;.<br \/>\nTambi\u00e9n traz\u00f3 paralelismos entre el peronismo y la revoluci\u00f3n boliviana de 1952, a la que encuadr\u00f3 dentro de la &#8220;tradici\u00f3n nacional-popular del pa\u00eds&#8221;, y remarc\u00f3 el car\u00e1cter de &#8220;casta populista&#8221; del gobierno de Fern\u00e1ndez, mientras que tambi\u00e9n fustig\u00f3 a Cuba.<br \/>\nPor la noche, la Canciller\u00eda de Argentina emiti\u00f3 un breve pero punzante comunicado. &#8220;Esperamos (que A\u00f1ez, NDR) pueda concentrar su energ\u00eda en la realizaci\u00f3n de las elecciones presidenciales libres y transparentes del pr\u00f3ximo 18 de octubre&#8221;, desliz\u00f3 Buenos Aires en el mensaje.<\/p>\n","protected":false},"excerpt":{"rendered":"<p>Evo Morales, la raz\u00f3n del entuerto diplom\u00e1tico. M\u00e1s tensiones BUENOS AIRES, 24 SET &#8211; La Canciller\u00eda de Argentina reaccion\u00f3 con dureza y lament\u00f3 las expresiones&hellip;<\/p>\n","protected":false},"author":99,"featured_media":0,"comment_status":"open","ping_status":"open","sticky":false,"template":"","format":"standard","meta":{"footnotes":""},"categories":[23],"tags":[],"class_list":["post-494007","post","type-post","status-publish","format-standard","hentry","category-latinoamerica"],"_links":{"self":[{"href":"https:\/\/diarioelpopular.com\/index.php\/wp-json\/wp\/v2\/posts\/494007","targetHints":{"allow":["GET"]}}],"collection":[{"href":"https:\/\/diarioelpopular.com\/index.php\/wp-json\/wp\/v2\/posts"}],"about":[{"href":"https:\/\/diarioelpopular.com\/index.php\/wp-json\/wp\/v2\/types\/post"}],"author":[{"embeddable":true,"href":"https:\/\/diarioelpopular.com\/index.php\/wp-json\/wp\/v2\/users\/99"}],"replies":[{"embeddable":true,"href":"https:\/\/diarioelpopular.com\/index.php\/wp-json\/wp\/v2\/comments?post=494007"}],"version-history":[{"count":1,"href":"https:\/\/diarioelpopular.com\/index.php\/wp-json\/wp\/v2\/posts\/494007\/revisions"}],"predecessor-version":[{"id":494009,"href":"https:\/\/diarioelpopular.com\/index.php\/wp-json\/wp\/v2\/posts\/494007\/revisions\/494009"}],"wp:attachment":[{"href":"https:\/\/diarioelpopular.com\/index.php\/wp-json\/wp\/v2\/media?parent=494007"}],"wp:term":[{"taxonomy":"category","embeddable":true,"href":"https:\/\/diarioelpopular.com\/index.php\/wp-json\/wp\/v2\/categories?post=494007"},{"taxonomy":"post_tag","embeddable":true,"href":"https:\/\/diarioelpopular.com\/index.php\/wp-json\/wp\/v2\/tags?post=494007"}],"curies":[{"name":"wp","href":"https:\/\/api.w.org\/{rel}","templated":true}]}}