{"id":494010,"date":"2020-09-24T10:31:39","date_gmt":"2020-09-24T14:31:39","guid":{"rendered":"https:\/\/diarioelpopular.com\/?p=494010"},"modified":"2020-09-24T10:31:39","modified_gmt":"2020-09-24T14:31:39","slug":"justicia-de-ecuador-ordena-captura-del-expresidente-rafael-correa","status":"publish","type":"post","link":"https:\/\/diarioelpopular.com\/index.php\/2020\/09\/24\/justicia-de-ecuador-ordena-captura-del-expresidente-rafael-correa\/","title":{"rendered":"Justicia de Ecuador ordena captura del expresidente Rafael Correa"},"content":{"rendered":"<div id=\"attachment_494011\" style=\"width: 646px\" class=\"wp-caption alignnone\"><img loading=\"lazy\" decoding=\"async\" aria-describedby=\"caption-attachment-494011\" class=\"size-custom-full-size wp-image-494011\" src=\"https:\/\/diarioelpopular.com\/wp-content\/uploads\/2020\/09\/5b3fd466e77f4.r_1600953326913.0-63-3000-1553-636x318.jpeg\" alt=\"\" width=\"636\" height=\"318\" \/><p id=\"caption-attachment-494011\" class=\"wp-caption-text\"><em>Actualmente, Correa est\u00e1 residiendo en B\u00e9lgica, pa\u00eds en el que naci\u00f3 su esposa.<\/em><\/p><\/div>\n<h4><em><strong>El tribunal que lo juzga tambi\u00e9n decidi\u00f3 impedirle acceder a cargos de elecci\u00f3n popular<\/strong><\/em><\/h4>\n<p id=\"p539578-m354-353-355\" class=\"contenido\">La justicia de Ecuador orden\u00f3 la captura del expresidente Rafael Correa\u00a0tras haber confirmado su condena a ocho a\u00f1os de prisi\u00f3n por corrupci\u00f3n, inform\u00f3 el tribunal que dict\u00f3 la sentencia. La decisi\u00f3n judicial implica tambi\u00e9n la inhabilitaci\u00f3n de por vida de Correa para desempe\u00f1ar cargos de elecci\u00f3n popular, cuando el exmandatario aspira a participar en los comicios previstos para febrero.<\/p>\n<p id=\"p539578-m398-2-399\" class=\"contenido\">Correa, quien gobern\u00f3 entre 2007 y 2017, solicit\u00f3 por internet al Consejo Nacional Electoral (CNE) la inscripci\u00f3n de su candidatura a la vicepresidencia, que es llevada en representaci\u00f3n de un frente de izquierda y en binomio con el joven economista Andr\u00e9s Arauz, exministro de\u00a0Correa.<\/p>\n<p id=\"p539578-m398-2-399\" class=\"contenido\">El ente electoral deber\u00e1 calificar posteriormente esa postulaci\u00f3n. La ejecuci\u00f3n de la condena acaba pr\u00e1cticamente con la inmunidad que habr\u00eda logrado Correa al ser aceptada su candidatura y que le permitir\u00eda regresar a Ecuador para las elecciones. Procesado en ausencia, la justicia estableci\u00f3 que Correa, de 57 a\u00f1os, y varios de sus excolaboradores, tambi\u00e9n condenados, recibieron sobornos a cambio de contratos con diversas empresas.<\/p>\n<p>El expresidente sostiene que es inocente argumentando que fue vinculado al caso por 6.000 d\u00f3lares que ingresaron a su cuenta bancaria y que alega eran de un pr\u00e9stamo de un fondo de su partido. Las penas por peculado, cohecho, concusi\u00f3n y enriquecimiento il\u00edcito son imprescriptibles en Ecuador.<\/p>\n<p><em><strong><span id=\"p539578-m404-3-405\" class=\"articulo-subtitulo\">&#8216;Proceso de venganza&#8217;<\/span><\/strong><\/em><\/p>\n<p id=\"p539578-m410-4-411\" class=\"contenido\">La justicia orden\u00f3 a la Polic\u00eda la &#8220;inmediata localizaci\u00f3n y captura&#8221; del exgobernante socialista, quien vive en B\u00e9lgica \u2014de donde es su esposa\u2014\u00a0desde que dej\u00f3 el poder en mayo de 2017 tras el triunfo electoral de Len\u00edn Moreno, su exaliado. Tambi\u00e9n estableci\u00f3 que el Ministerio de Finanzas suspenda el sueldo vitalicio de unos 4.200 d\u00f3lares mensuales que recib\u00eda\u00a0Correa como expresidente, que pierde al ser condenado por corrupci\u00f3n.<\/p>\n<p>La resoluci\u00f3n judicial adem\u00e1s comunica al CNE sobre la p\u00e9rdida de los derechos pol\u00edticos del exgobernante, quien, seg\u00fan la Constituci\u00f3n, quedar\u00eda inhabilitado para los comicios por ser sentenciado por cohecho.<\/p>\n<p>&#8220;S\u00ed, fuimos notificados&#8221; con la resoluci\u00f3n judicial, dijo a la AFP el abogado de<br \/>\nCorrea, Fausto Jarr\u00edn. &#8220;Nos estamos enfrentando a un proceso de venganza a trav\u00e9s de la funci\u00f3n judicial&#8221;, agreg\u00f3, en momentos en que el exmandatario sostiene ser un perseguido pol\u00edtico de Moreno, con quien mantiene una pugna que debilit\u00f3 al oficialismo, en el gobierno desde 2017.<\/p>\n<p>Moreno, exvicepresidente de Correa entre 2007 y 2013, promovi\u00f3 en su administraci\u00f3n reformas para prohibir la reelecci\u00f3n por m\u00e1s de una vez, con lo que se empez\u00f3 a cerrar el camino de regreso al poder para su antecesor.<\/p>\n<p>&#8220;La sola menci\u00f3n de la posibilidad de que \u00e9l (Correa)\u00a0sea candidato genera este tipo de reacciones en toda la institucionalidad del Estado&#8221;, se\u00f1al\u00f3 Jarr\u00edn. Sobre\u00a0Correa, quien dice que afronta una treintena de juicios en Ecuador, pesa otra orden de prisi\u00f3n para ser procesado por el secuestro en Colombia de un opositor ecuatoriano en 2012, delito por el cual no puede ser juzgado en ausencia.<\/p>\n","protected":false},"excerpt":{"rendered":"<p>El tribunal que lo juzga tambi\u00e9n decidi\u00f3 impedirle acceder a cargos de elecci\u00f3n popular La justicia de Ecuador orden\u00f3 la captura del expresidente Rafael Correa\u00a0tras&hellip;<\/p>\n","protected":false},"author":99,"featured_media":0,"comment_status":"open","ping_status":"open","sticky":false,"template":"","format":"standard","meta":{"footnotes":""},"categories":[23],"tags":[],"class_list":["post-494010","post","type-post","status-publish","format-standard","hentry","category-latinoamerica"],"_links":{"self":[{"href":"https:\/\/diarioelpopular.com\/index.php\/wp-json\/wp\/v2\/posts\/494010","targetHints":{"allow":["GET"]}}],"collection":[{"href":"https:\/\/diarioelpopular.com\/index.php\/wp-json\/wp\/v2\/posts"}],"about":[{"href":"https:\/\/diarioelpopular.com\/index.php\/wp-json\/wp\/v2\/types\/post"}],"author":[{"embeddable":true,"href":"https:\/\/diarioelpopular.com\/index.php\/wp-json\/wp\/v2\/users\/99"}],"replies":[{"embeddable":true,"href":"https:\/\/diarioelpopular.com\/index.php\/wp-json\/wp\/v2\/comments?post=494010"}],"version-history":[{"count":1,"href":"https:\/\/diarioelpopular.com\/index.php\/wp-json\/wp\/v2\/posts\/494010\/revisions"}],"predecessor-version":[{"id":494012,"href":"https:\/\/diarioelpopular.com\/index.php\/wp-json\/wp\/v2\/posts\/494010\/revisions\/494012"}],"wp:attachment":[{"href":"https:\/\/diarioelpopular.com\/index.php\/wp-json\/wp\/v2\/media?parent=494010"}],"wp:term":[{"taxonomy":"category","embeddable":true,"href":"https:\/\/diarioelpopular.com\/index.php\/wp-json\/wp\/v2\/categories?post=494010"},{"taxonomy":"post_tag","embeddable":true,"href":"https:\/\/diarioelpopular.com\/index.php\/wp-json\/wp\/v2\/tags?post=494010"}],"curies":[{"name":"wp","href":"https:\/\/api.w.org\/{rel}","templated":true}]}}