{"id":494041,"date":"2020-09-24T20:30:25","date_gmt":"2020-09-25T00:30:25","guid":{"rendered":"https:\/\/diarioelpopular.com\/?p=494041"},"modified":"2020-09-24T20:30:25","modified_gmt":"2020-09-25T00:30:25","slug":"mexico-morgues-repletas-de-cadaveres","status":"publish","type":"post","link":"https:\/\/diarioelpopular.com\/index.php\/2020\/09\/24\/mexico-morgues-repletas-de-cadaveres\/","title":{"rendered":"M\u00e9xico: Morgues repletas de cad\u00e1veres"},"content":{"rendered":"<div id=\"attachment_494042\" style=\"width: 160px\" class=\"wp-caption alignnone\"><img loading=\"lazy\" decoding=\"async\" aria-describedby=\"caption-attachment-494042\" class=\"size-thumbnail wp-image-494042\" src=\"https:\/\/diarioelpopular.com\/wp-content\/uploads\/2020\/09\/ccd87c9e9d7a29889201949bb111dc62-150x150.jpg\" alt=\"\" width=\"150\" height=\"150\" \/><p id=\"caption-attachment-494042\" class=\"wp-caption-text\"><em>Muerte violenta en la calle. Una imagen corriente en M\u00e9xico, desde hace 14 a\u00f1os.<\/em><\/p><\/div>\n<h4><em><strong>Oleada de violencia ha provocado una crisis forense, alerta ONG<\/strong><\/em><\/h4>\n<p><em><strong>CIUDAD DE MEXICO, 24 SEP &#8211;<\/strong><\/em> Las morgues en M\u00e9xico est\u00e1n rebasadas por el exceso de cad\u00e1veres derivado de la oleada de violencia que sigue sin freno en el pa\u00eds desde que comenz\u00f3 la pesadilla de la inseguridad hace casi 14 a\u00f1os, configurando una crisis forense en este pa\u00eds latinoamericano.<br \/>\nEl Observatorio Nacional Ciudadano de Seguridad, Justicia y Legalidad (ONC), una de las ONGs anticrimen m\u00e1s activas del pa\u00eds, alert\u00f3 que los Servicios M\u00e9dicos Forenses (Semefos) &#8220;est\u00e1n desbordados y nadie est\u00e1 haciendo nada por atenderlos&#8221;.<br \/>\nLos Semefos son los organismos oficialmente autorizados para albergar cuerpos involucrados en actos ilegales antes de concluir investigaciones oficiales, pero ante el alto n\u00famero de desaparecidos (61.000 seg\u00fan fuentes oficiales) muchos cuerpos pueden pasar meses o a\u00f1os antes de ser sepultados o incinerados.<br \/>\nFrancisco Rivas, director de la ONC, present\u00f3 el informe Crisis Institucional Forense y Respuestas colectivas frente a la B\u00fasqueda de Personas Desaparecidas, en el cual se muestra en detalle la crisis forense que afecta al pa\u00eds.<br \/>\nRivas consider\u00f3 que la desaparici\u00f3n de personas en M\u00e9xico, que explica en buena medida esta situaci\u00f3n, &#8220;no ha recibido la atenci\u00f3n prioritaria que necesita ni se ha dimensionado el impacto que tendr\u00eda en la pacificaci\u00f3n del pa\u00eds&#8221;.<br \/>\nLa falta de capacidad en algunos estados para resguardar cad\u00e1veres se hizo patente hace dos a\u00f1os, cuando estall\u00f3 un esc\u00e1ndalo al descubrirse un cami\u00f3n portacontenedores que transportaba 150 cuerpos en Guadalajara, la capital del estado occidental de Jalisco.<br \/>\nEl remolque sol\u00eda dar varias vueltas por la ciudad y su periferia pero luego el remolque era aparcado por horas enteras en un vecindario del municipio de Tlamojulco, donde vecinos alertaron a las autoridades sobre un f\u00e9tido olor que emanaba de ese contenedor.<br \/>\nPosteriormente, las autoridades de Jalisco se vieron obligadas a admitir que se trataba de v\u00edctimas no identificadas de la delincuencia organizada, resguardadas en un cami\u00f3n rentado ante la incapacidad de albergarlo en las morgues del estado.<br \/>\nLa ley proh\u00edbe la cremaci\u00f3n de cad\u00e1veres relacionados con cr\u00edmenes violentos sujetos a investigaci\u00f3n, lo que ha sobrepasado la capacidad de los dep\u00f3sitos de cad\u00e1veres para mantener los restos humanos.<br \/>\nA partir de la decisi\u00f3n del gobierno mexicano de lanzar una ofensiva a gran escala contra el crimen organizado con apoyo de las Fuerzas Armadas en diciembre de 2006, se contabilizan m\u00e1s de 300.000 muertos y arriba de 61.000 desaparecidos.<br \/>\nDe acuerdo con el informe del ONC, &#8220;las acciones gubernamentales para atender la problem\u00e1tica de desaparecidos y, en especial, la crisis forense, han resultado tard\u00edas e insuficientes&#8221;.<\/p>\n<p>&#8220;La crisis de violencia representa un reto para las capacidades, recursos y procesos cient\u00edficos del Estado&#8221;, se\u00f1al\u00f3.<br \/>\nRivas estim\u00f3 que el &#8220;estado cr\u00edtico&#8221; de los servicios forenses no es nueva y ha sido constante desde hace muchos a\u00f1os&#8221; debido a los restos humanos sin identificar y las personas desaparecidas.<br \/>\nCada vez m\u00e1s estados requieren &#8220;m\u00e1s c\u00e1maras de refrigeraci\u00f3n para aumentar su capacidad de respuesta&#8221;.<br \/>\nLo grave es que s\u00f3lo 4 de los 32 estados del pa\u00eds (la capital, el estado central de Guanajuato y los sure\u00f1os de Oaxaca y Veracruz) cuentan con pat\u00f3logos forenses.<br \/>\nEl problema radica en que parte de la soluci\u00f3n al problema de los desaparecidos, uno de los grandes dolores de cabeza del actual gobierno, que prometi\u00f3 reducir la ola de homicidios intencionales en el pa\u00eds, descansa en atender la crisis forense.<br \/>\n&#8220;Mientras los Semefos sigan estando en condiciones deplorables, no vamos a poder avanzar e identificar a las personas, no van a poder disminuir la cantidad de desaparecidos&#8221; y lo \u00fanico que favorecer\u00e1 es que &#8220;este fen\u00f3meno siga creciendo&#8221;, advirti\u00f3 Rivas.<br \/>\nA juicio del activista, los tres actores fundamentales para resolver este problema son las instituciones del gobierno, los familiares de las v\u00edctimas y los organismos internacionales.<br \/>\nAlgunas de las medidas apremiantes para afrontar el tema y superarlo son, a su juicio, una mejor\u00eda en la colaboraci\u00f3n entre fiscal\u00edas, un fortalecimiento de las comisiones locales de b\u00fasqueda y una mayor colaboraci\u00f3n entre colectivos de familiares de desaparecidos.<\/p>\n","protected":false},"excerpt":{"rendered":"<p>Oleada de violencia ha provocado una crisis forense, alerta ONG CIUDAD DE MEXICO, 24 SEP &#8211; Las morgues en M\u00e9xico est\u00e1n rebasadas por el exceso&hellip;<\/p>\n","protected":false},"author":99,"featured_media":0,"comment_status":"open","ping_status":"open","sticky":false,"template":"","format":"standard","meta":{"footnotes":""},"categories":[23],"tags":[],"class_list":["post-494041","post","type-post","status-publish","format-standard","hentry","category-latinoamerica"],"_links":{"self":[{"href":"https:\/\/diarioelpopular.com\/index.php\/wp-json\/wp\/v2\/posts\/494041","targetHints":{"allow":["GET"]}}],"collection":[{"href":"https:\/\/diarioelpopular.com\/index.php\/wp-json\/wp\/v2\/posts"}],"about":[{"href":"https:\/\/diarioelpopular.com\/index.php\/wp-json\/wp\/v2\/types\/post"}],"author":[{"embeddable":true,"href":"https:\/\/diarioelpopular.com\/index.php\/wp-json\/wp\/v2\/users\/99"}],"replies":[{"embeddable":true,"href":"https:\/\/diarioelpopular.com\/index.php\/wp-json\/wp\/v2\/comments?post=494041"}],"version-history":[{"count":1,"href":"https:\/\/diarioelpopular.com\/index.php\/wp-json\/wp\/v2\/posts\/494041\/revisions"}],"predecessor-version":[{"id":494043,"href":"https:\/\/diarioelpopular.com\/index.php\/wp-json\/wp\/v2\/posts\/494041\/revisions\/494043"}],"wp:attachment":[{"href":"https:\/\/diarioelpopular.com\/index.php\/wp-json\/wp\/v2\/media?parent=494041"}],"wp:term":[{"taxonomy":"category","embeddable":true,"href":"https:\/\/diarioelpopular.com\/index.php\/wp-json\/wp\/v2\/categories?post=494041"},{"taxonomy":"post_tag","embeddable":true,"href":"https:\/\/diarioelpopular.com\/index.php\/wp-json\/wp\/v2\/tags?post=494041"}],"curies":[{"name":"wp","href":"https:\/\/api.w.org\/{rel}","templated":true}]}}