{"id":494051,"date":"2020-09-25T09:49:34","date_gmt":"2020-09-25T13:49:34","guid":{"rendered":"https:\/\/diarioelpopular.com\/?p=494051"},"modified":"2020-09-25T09:49:34","modified_gmt":"2020-09-25T13:49:34","slug":"carnaval-de-rio-2021-postergado-sin-fecha","status":"publish","type":"post","link":"https:\/\/diarioelpopular.com\/index.php\/2020\/09\/25\/carnaval-de-rio-2021-postergado-sin-fecha\/","title":{"rendered":"Carnaval de R\u00edo 2021 postergado sin fecha"},"content":{"rendered":"<div id=\"attachment_494052\" style=\"width: 160px\" class=\"wp-caption alignnone\"><img loading=\"lazy\" decoding=\"async\" aria-describedby=\"caption-attachment-494052\" class=\"size-thumbnail wp-image-494052\" src=\"https:\/\/diarioelpopular.com\/wp-content\/uploads\/2020\/09\/06caee96fe40d3f55116d1e88d143f39-150x150.jpg\" alt=\"\" width=\"150\" height=\"150\" \/><p id=\"caption-attachment-494052\" class=\"wp-caption-text\"><em>Carnaval de R\u00edo de Janeiro (foto: Ansa)<\/em><\/p><\/div>\n<h4><em><strong>Estaba previsto en febrero, pero en Brasil arrecia el virus<\/strong><\/em><\/h4>\n<p><em><strong>RIO DE JANEIRO, 25 SET &#8211;<\/strong><\/em> El carnaval de R\u00edo de Janeiro es la \u00faltima v\u00edctima de la pandemia de coronavirus: la edici\u00f3n 2021, prevista para febrero, fue postergada por tiempo indeterminado debido al avance del virus en Brasil.<br \/>\n&#8220;El evento debe ser postergado -dijo Jorge Castanheira, presidente de la Liga Independiente de Escuelas de Samba de R\u00edo, que organiza el evento-. No podemos hacerlo en febrero. Las escuelas de samba no tendr\u00edan ni el tiempo ni los recursos financieros para estar listas para la fecha&#8221;.<br \/>\nLa Liga afirm\u00f3 que la celebraci\u00f3n &#8220;podr\u00eda darse eventualmente en el curso de 2021, y de todos modos oslo cuando haya suficiente disponibilidad de vacuna para el coronavirus&#8221;.<br \/>\nCastanheira indic\u00f3 que muchas escuelas no lograron siquiera identificar el tema de su carroza para el desfile y tuvieron que despedir personal por lo cual &#8220;ni siquiera se excluye del todo que la edici\u00f3n 2021 del carnaval se anule por completo. Una hip\u00f3tesis Tambi\u00e9n San Pablo hab\u00eda decidido postergar sin fecha los desfiles debido a la pandemia.<br \/>\nBrasil, con 4.657.702 contagios y 139.808 muertos, es el segundo pa\u00eds del mundo, detr\u00e1s de Estados Unidos, por mortalidad.<\/p>\n","protected":false},"excerpt":{"rendered":"<p>Estaba previsto en febrero, pero en Brasil arrecia el virus RIO DE JANEIRO, 25 SET &#8211; El carnaval de R\u00edo de Janeiro es la \u00faltima&hellip;<\/p>\n","protected":false},"author":99,"featured_media":0,"comment_status":"open","ping_status":"open","sticky":false,"template":"","format":"standard","meta":{"footnotes":""},"categories":[23],"tags":[],"class_list":["post-494051","post","type-post","status-publish","format-standard","hentry","category-latinoamerica"],"_links":{"self":[{"href":"https:\/\/diarioelpopular.com\/index.php\/wp-json\/wp\/v2\/posts\/494051","targetHints":{"allow":["GET"]}}],"collection":[{"href":"https:\/\/diarioelpopular.com\/index.php\/wp-json\/wp\/v2\/posts"}],"about":[{"href":"https:\/\/diarioelpopular.com\/index.php\/wp-json\/wp\/v2\/types\/post"}],"author":[{"embeddable":true,"href":"https:\/\/diarioelpopular.com\/index.php\/wp-json\/wp\/v2\/users\/99"}],"replies":[{"embeddable":true,"href":"https:\/\/diarioelpopular.com\/index.php\/wp-json\/wp\/v2\/comments?post=494051"}],"version-history":[{"count":1,"href":"https:\/\/diarioelpopular.com\/index.php\/wp-json\/wp\/v2\/posts\/494051\/revisions"}],"predecessor-version":[{"id":494053,"href":"https:\/\/diarioelpopular.com\/index.php\/wp-json\/wp\/v2\/posts\/494051\/revisions\/494053"}],"wp:attachment":[{"href":"https:\/\/diarioelpopular.com\/index.php\/wp-json\/wp\/v2\/media?parent=494051"}],"wp:term":[{"taxonomy":"category","embeddable":true,"href":"https:\/\/diarioelpopular.com\/index.php\/wp-json\/wp\/v2\/categories?post=494051"},{"taxonomy":"post_tag","embeddable":true,"href":"https:\/\/diarioelpopular.com\/index.php\/wp-json\/wp\/v2\/tags?post=494051"}],"curies":[{"name":"wp","href":"https:\/\/api.w.org\/{rel}","templated":true}]}}