{"id":494071,"date":"2020-09-26T11:23:20","date_gmt":"2020-09-26T15:23:20","guid":{"rendered":"https:\/\/diarioelpopular.com\/?p=494071"},"modified":"2020-09-26T11:23:21","modified_gmt":"2020-09-26T15:23:21","slug":"el-gobierno-de-maduro-contra-michelle-bachelet","status":"publish","type":"post","link":"https:\/\/diarioelpopular.com\/index.php\/2020\/09\/26\/el-gobierno-de-maduro-contra-michelle-bachelet\/","title":{"rendered":"El gobierno de Maduro contra Michelle Bachelet"},"content":{"rendered":"<div id=\"attachment_494072\" style=\"width: 160px\" class=\"wp-caption alignnone\"><img loading=\"lazy\" decoding=\"async\" aria-describedby=\"caption-attachment-494072\" class=\"size-thumbnail wp-image-494072\" src=\"https:\/\/diarioelpopular.com\/wp-content\/uploads\/2020\/09\/f75dea779e82c939a72a998086ea6fb5-150x150.jpg\" alt=\"\" width=\"150\" height=\"150\" \/><p id=\"caption-attachment-494072\" class=\"wp-caption-text\"><em>La chilena Michelle Bachelet, Alta Comisionada de la ONU para los Derechos Humanos.<\/em><\/p><\/div>\n<h4><em><strong>&#8220;Conv\u00e9nzase con hechos y no con basura escrita&#8221;, Rodr\u00edguez<\/strong><\/em><\/h4>\n<p><em><strong>CARACAS, 26 SET &#8211;<\/strong><\/em> Jorge Rodr\u00edguez, exministro de Comunicaci\u00f3n y candidato a diputado en las objetadas parlamentarias del pr\u00f3ximo 6 de diciembre, repudi\u00f3 la actualizaci\u00f3n oral del informe de la Alta Comisionada ONU para los derechos Humanos, Michelle Bachelet, donde deslegitim\u00f3 las legislativas y ratific\u00f3 las violaciones en Venezuela &#8220;Como siempre, haciendo el recado y agrediendo el derecho de los venezolanos a una elecci\u00f3n libre y sin injerencias&#8221;, fustig\u00f3 a trav\u00e9s de la red social Twitter el l\u00edder oficialista.<\/p>\n<p>Rodr\u00edguez indic\u00f3 que a los comicios &#8220;concurren 107 partidos, 98 de ellos de oposici\u00f3n, y m\u00e1s de 14 mil candidatos&#8221; de los cuales, seg\u00fan dijo, &#8220;m\u00e1s de 13 mil son de la oposici\u00f3n&#8221;.<br \/>\nAdem\u00e1s, destac\u00f3 que &#8220;Venezuela cuenta con un sistema electoral automatizado, seguro y eficiente, certificado por el centro C\u00e1rter y la UE cuando acudieron como observadores a elecciones&#8221; en el pa\u00eds.<br \/>\nRodr\u00edguez pregunt\u00f3 si tiene alguna utilidad que &#8220;denuncie la intromisi\u00f3n de las &#8216;manos peludas&#8217; que pululan en su oficina, siempre dispuestas a mentir sobre Venezuela, su pueblo y su democracia&#8221;.<br \/>\n&#8220;Venga, mire las fortalezas de nuestro sistema electoral y nuestra democracia, no le tenga miedo a la verdad, conv\u00e9nzase con hechos, y no con basura escrita por funcionarios tarifados&#8221;, asever\u00f3 en directo mensaje a la chilena Bachelet.<br \/>\nAsimismo, dijo que &#8220;va contra los planes de Trump y sus sat\u00e9lites de atacar una elecci\u00f3n que es mucho m\u00e1s eficiente que las que, por ejemplo, se dar\u00e1n en Estados Unidos el 3 de noviembre&#8221;.<br \/>\nIgualmente, Tibisay Lucena, expresidenta del Consejo Nacional Electoral critic\u00f3 a Bachelet a quien llam\u00f3 &#8220;cipaya&#8221; y de quien dijo: &#8220;ahora sale con que se hicieron modificaciones inconsultas al sistema electoral&#8221;.<br \/>\n&#8220;Supongo que se refer\u00eda a que a su jefe no le consultaron.<br \/>\n\u00bfSer\u00e1 que esta cipaya a\u00fan no se entera que este es un pa\u00eds soberano? Qu\u00e9 verg\u00fcenza en lo que devino esta se\u00f1ora&#8221;, manifest\u00f3.<br \/>\nM\u00e1s temprano Bachelet ante el Consejo de DDHH de la Organizaci\u00f3n de Naciones Unidas expres\u00f3 que el Tribunal Supremo de Justicia &#8220;obstruyen la libertad de selecci\u00f3n de los representantes de siete partidos pol\u00edticos y el nombramiento no consensuado de los miembros de Consejo Nacional Electoral (CNE)&#8221;.<br \/>\nIgualmente, critic\u00f3 los cambios realizados por el CNE &#8220;de selecci\u00f3n de representantes ind\u00edgenas para la Asamblea Nacional, los cambios al sistema electoral y a la composici\u00f3n de la Asamblea Nacional&#8221;, y precis\u00f3 que todos esos cambios deben realizarse con un proceso de consulta previa.<br \/>\nAdem\u00e1s, efectu\u00f3 un llamado a seguir trabajando en la construcci\u00f3n de acuerdos para alcanzar condiciones para el desarrollo de procesos electorales &#8220;cre\u00edbles, libres, inclusivos y equitativos&#8221; Asimismo, mostr\u00f3 preocupaci\u00f3n &#8220;por las estigmatizaciones hacia los venezolanos retornados, as\u00ed como la falta de adecuaci\u00f3n de los centros donde permanecen&#8221; por la pandemia del Covid-19.<br \/>\nBachelet indic\u00f3 que la pandemia ha agudizado la crisis de servicios sumado a la escasez de combustible que registra el pa\u00eds, y advirti\u00f3 que las sanciones adicionales a las exportaciones de di\u00e9sel &#8220;puede agravar las ya cr\u00edticas condiciones&#8221; de vida en esta naci\u00f3n sudamericana.<br \/>\nAdem\u00e1s, mostr\u00f3 preocupaci\u00f3n porque de enero a agosto de este a\u00f1o, se han registrado &#8220;m\u00e1s de 2.000 muertes en operativos de seguridad&#8221;.<br \/>\nPor otra parte, exigi\u00f3 garantizar contacto &#8220;f\u00edsico o telef\u00f3nicamente&#8221; con familiares o abogados &#8220;as\u00ed como explorar medidas alternativas a la privaci\u00f3n de libertad&#8221; para los llamados &#8220;presos pol\u00edticos&#8221; y otros privados de libertad que han denunciado focos de contagios en los centros penitenciarios, y pidi\u00f3 que todos sean liberados.<br \/>\nDe acuerdo con la ONG Foro Penal en Venezuela hay 334 &#8220;presos pol\u00edticos&#8221;, de los cuales 127 son militares.<\/p>\n","protected":false},"excerpt":{"rendered":"<p>&#8220;Conv\u00e9nzase con hechos y no con basura escrita&#8221;, Rodr\u00edguez CARACAS, 26 SET &#8211; Jorge Rodr\u00edguez, exministro de Comunicaci\u00f3n y candidato a diputado en las objetadas&hellip;<\/p>\n","protected":false},"author":99,"featured_media":0,"comment_status":"open","ping_status":"open","sticky":false,"template":"","format":"standard","meta":{"footnotes":""},"categories":[23],"tags":[],"class_list":["post-494071","post","type-post","status-publish","format-standard","hentry","category-latinoamerica"],"_links":{"self":[{"href":"https:\/\/diarioelpopular.com\/index.php\/wp-json\/wp\/v2\/posts\/494071","targetHints":{"allow":["GET"]}}],"collection":[{"href":"https:\/\/diarioelpopular.com\/index.php\/wp-json\/wp\/v2\/posts"}],"about":[{"href":"https:\/\/diarioelpopular.com\/index.php\/wp-json\/wp\/v2\/types\/post"}],"author":[{"embeddable":true,"href":"https:\/\/diarioelpopular.com\/index.php\/wp-json\/wp\/v2\/users\/99"}],"replies":[{"embeddable":true,"href":"https:\/\/diarioelpopular.com\/index.php\/wp-json\/wp\/v2\/comments?post=494071"}],"version-history":[{"count":1,"href":"https:\/\/diarioelpopular.com\/index.php\/wp-json\/wp\/v2\/posts\/494071\/revisions"}],"predecessor-version":[{"id":494073,"href":"https:\/\/diarioelpopular.com\/index.php\/wp-json\/wp\/v2\/posts\/494071\/revisions\/494073"}],"wp:attachment":[{"href":"https:\/\/diarioelpopular.com\/index.php\/wp-json\/wp\/v2\/media?parent=494071"}],"wp:term":[{"taxonomy":"category","embeddable":true,"href":"https:\/\/diarioelpopular.com\/index.php\/wp-json\/wp\/v2\/categories?post=494071"},{"taxonomy":"post_tag","embeddable":true,"href":"https:\/\/diarioelpopular.com\/index.php\/wp-json\/wp\/v2\/tags?post=494071"}],"curies":[{"name":"wp","href":"https:\/\/api.w.org\/{rel}","templated":true}]}}