{"id":494078,"date":"2020-09-27T11:26:43","date_gmt":"2020-09-27T15:26:43","guid":{"rendered":"https:\/\/diarioelpopular.com\/?p=494078"},"modified":"2020-09-27T11:26:43","modified_gmt":"2020-09-27T15:26:43","slug":"polemica-argentina-por-las-cifras","status":"publish","type":"post","link":"https:\/\/diarioelpopular.com\/index.php\/2020\/09\/27\/polemica-argentina-por-las-cifras\/","title":{"rendered":"Pol\u00e9mica argentina por las cifras"},"content":{"rendered":"<div id=\"attachment_494079\" style=\"width: 160px\" class=\"wp-caption alignnone\"><img loading=\"lazy\" decoding=\"async\" aria-describedby=\"caption-attachment-494079\" class=\"size-thumbnail wp-image-494079\" src=\"https:\/\/diarioelpopular.com\/wp-content\/uploads\/2020\/09\/1c35851fe739aabc7b2d520e8f7042cc-150x150.jpg\" alt=\"\" width=\"150\" height=\"150\" \/><p id=\"caption-attachment-494079\" class=\"wp-caption-text\"><em>Sala de un hospital de la Provincia de Buenos Aires (foto: ANSA)<\/em><\/p><\/div>\n<h4><em><strong>Se disparan los muertos en la Provincia de Buenos Aires<\/strong><\/em><\/h4>\n<p><em><strong>BUENOS AIRES, 27 SET &#8211;<\/strong><\/em> La populosa provincia de Buenos Aires sorprendi\u00f3 \u00a0al informar que, por un cambio en la carga de datos oficiales, hab\u00eda 3.523 muertos m\u00e1s por Covid-19 en el distrito que lo informado por las estad\u00edsticas nacionales de Argentina.<br \/>\nEs que esas v\u00edctimas fatales no estaban contabilizadas en el parte diario emitido por el ministerio de Salud de la Naci\u00f3n y con esta correcci\u00f3n, los muertos en la provincia de Buenos Aires llegan 12.566 y no 8.983 como se hab\u00eda informado.<br \/>\nEl gobierno nacional lo encabeza el presidente Alberto Fern\u00e1ndez (Peronismo de centro-izquierda), mientras que la Provincia de Buenos Aires tiene como gobernador a Axel Kicillof, del mismo partido.<br \/>\nLas autoridades provinciales presentaron una &#8220;herramienta de gesti\u00f3n de sistemas inform\u00e1ticos&#8221;, la cual, seg\u00fan el ministro de Salud bonaerense, Daniel Goll\u00e1n, &#8220;permitir\u00e1 informar con exactitud lo que pasa todos los d\u00edas&#8221; con la pandemia.<br \/>\n&#8220;Estamos en un proceso de mejora de la gesti\u00f3n y de transparencia. Todo esto permite dar absolutamente todos los datos. En los \u00faltimos tiempos, muchos medios nos consultan de esta situaci\u00f3n, de por qu\u00e9 hay un retraso en este tipo de procesos&#8221;, indic\u00f3, seg\u00fan lo reprodujo Infobae.<br \/>\nAhora la Provincia de Buenos Aires cruzar\u00e1 la informaci\u00f3n de las muertes registradas en el SISA (Sistema Integrado de Informaci\u00f3n Sanitaria Argentino), de los fallecimientos que surjan de la gesti\u00f3n de camas de terapia intensiva y de los certificados de defunci\u00f3n provinciales.<br \/>\nLos muertos por Covid-19 en la Argentina suman 15.208 y los contagiados son 691.235 de acuerdo al \u00faltimo parte emitido por el ministerio de Salud de la Naci\u00f3n.<br \/>\n&#8220;Cuando comenz\u00f3 esta pandemia el sector privado pr\u00e1cticamente no informaba como debe ser, no ten\u00edan ni siquiera las claves de usuario que obligatoriamente deb\u00edan tener. \u00bfQu\u00e9 nos dej\u00f3 esta pandemia? Que todo el sector privado se inscribi\u00f3 en el SISA, todo el sector privado empez\u00f3 a informar&#8221;, justific\u00f3 Goll\u00e1n.<br \/>\nSin embargo, Marcelo Peretta, titular del gremio de los farmac\u00e9uticos, replic\u00f3 que &#8220;el estado provincial tiene que dejar de echarle la culpa a los privados y asumir sus propias responsabilidades&#8221;.<br \/>\n&#8220;El error fue que los protocolos que emiti\u00f3 el Ministerio no eran los correctos. El que decide qu\u00e9 comunicar es el ministro&#8221;, dispar\u00f3.<\/p>\n","protected":false},"excerpt":{"rendered":"<p>Se disparan los muertos en la Provincia de Buenos Aires BUENOS AIRES, 27 SET &#8211; La populosa provincia de Buenos Aires sorprendi\u00f3 \u00a0al informar que,&hellip;<\/p>\n","protected":false},"author":99,"featured_media":0,"comment_status":"open","ping_status":"open","sticky":false,"template":"","format":"standard","meta":{"footnotes":""},"categories":[23],"tags":[],"class_list":["post-494078","post","type-post","status-publish","format-standard","hentry","category-latinoamerica"],"_links":{"self":[{"href":"https:\/\/diarioelpopular.com\/index.php\/wp-json\/wp\/v2\/posts\/494078","targetHints":{"allow":["GET"]}}],"collection":[{"href":"https:\/\/diarioelpopular.com\/index.php\/wp-json\/wp\/v2\/posts"}],"about":[{"href":"https:\/\/diarioelpopular.com\/index.php\/wp-json\/wp\/v2\/types\/post"}],"author":[{"embeddable":true,"href":"https:\/\/diarioelpopular.com\/index.php\/wp-json\/wp\/v2\/users\/99"}],"replies":[{"embeddable":true,"href":"https:\/\/diarioelpopular.com\/index.php\/wp-json\/wp\/v2\/comments?post=494078"}],"version-history":[{"count":1,"href":"https:\/\/diarioelpopular.com\/index.php\/wp-json\/wp\/v2\/posts\/494078\/revisions"}],"predecessor-version":[{"id":494080,"href":"https:\/\/diarioelpopular.com\/index.php\/wp-json\/wp\/v2\/posts\/494078\/revisions\/494080"}],"wp:attachment":[{"href":"https:\/\/diarioelpopular.com\/index.php\/wp-json\/wp\/v2\/media?parent=494078"}],"wp:term":[{"taxonomy":"category","embeddable":true,"href":"https:\/\/diarioelpopular.com\/index.php\/wp-json\/wp\/v2\/categories?post=494078"},{"taxonomy":"post_tag","embeddable":true,"href":"https:\/\/diarioelpopular.com\/index.php\/wp-json\/wp\/v2\/tags?post=494078"}],"curies":[{"name":"wp","href":"https:\/\/api.w.org\/{rel}","templated":true}]}}