{"id":494103,"date":"2020-09-28T20:05:52","date_gmt":"2020-09-29T00:05:52","guid":{"rendered":"https:\/\/diarioelpopular.com\/?p=494103"},"modified":"2020-09-28T20:05:52","modified_gmt":"2020-09-29T00:05:52","slug":"chile-97-de-santiaguinos-desconfinados","status":"publish","type":"post","link":"https:\/\/diarioelpopular.com\/index.php\/2020\/09\/28\/chile-97-de-santiaguinos-desconfinados\/","title":{"rendered":"Chile, 97% de santiaguinos desconfinados"},"content":{"rendered":"<div id=\"attachment_494104\" style=\"width: 160px\" class=\"wp-caption alignnone\"><img loading=\"lazy\" decoding=\"async\" aria-describedby=\"caption-attachment-494104\" class=\"size-thumbnail wp-image-494104\" src=\"https:\/\/diarioelpopular.com\/wp-content\/uploads\/2020\/09\/a38c3934849bba25408293b60025e092-150x150.jpg\" alt=\"\" width=\"150\" height=\"150\" \/><p id=\"caption-attachment-494104\" class=\"wp-caption-text\"><em>Una mujer en el metro de Santiago (foto: EPA)<\/em><\/p><\/div>\n<h4><em><strong>Enorme desaf\u00edo en medio alza de contagios en \u00faltimos d\u00edas<\/strong><\/em><\/h4>\n<p><em><strong>SANTIAGO DEL CILE, 28 SET &#8211;<\/strong> <\/em>El 97% de los casi 8 millones de habitantes de la regi\u00f3n Metropolitana de Chile avanz\u00f3 hoy a desconfinamiento de lunes a viernes en el marco del Plan Paso a Paso dise\u00f1ado por la autoridad. Doce comunas incluso alcanzaron la fase siguiente, de Preparaci\u00f3n, donde ya no hay cuarentena los s\u00e1bados y domingos y pueden atender los caf\u00e9 en terrazas y balcones, como ser\u00e1 el caso de la capital Santiago.<br \/>\nSolo dos comunas se mantendr\u00e1n confinadas, la urbana Renca y la rural Paine.<br \/>\nTambi\u00e9n hoy empiezan a aplicarse los permisos interregionales, medida que no dej\u00f3 muy contento al alcalde Rodrigo Delgado, de la comuna de Estaci\u00f3n Central, donde se ubican los terminales de buses interurbanos.<br \/>\nEl edil expres\u00f3 su temor a un alza de contagios cuando ya superaron la fase de transici\u00f3n y pasan a Preparaci\u00f3n, la tercera de las cinco fases que considera el plan Paso a Paso de vuelta a la normalidad.<br \/>\nEl desaf\u00edo del desconfinamiento no es menor pues en los \u00faltimos d\u00edas se ha observado un alza de casos de contagios atribuibles al fin de semana por fiestas Patrias, 18 y 19 de septiembre.<br \/>\n&#8220;Hemos observado que disminuy\u00f3 un poquito el n\u00famero de testeos, tambi\u00e9n se acompa\u00f1\u00f3 de un aumento del rezago de diagn\u00f3stico, es decir, no solamente hubo menos tests, sino que los resultados fueron m\u00e1s lentos. Esto redunda, desde el punto vista matem\u00e1tico, en un aumento de la estimaci\u00f3n de los contagios por coronavirus&#8221;, coment\u00f3 el jefe del departamento de Epidemiolog\u00eda del Ministerio de Salud, Rafael Araos.<br \/>\nPidi\u00f3 esperar unos d\u00edas m\u00e1s para saber si hubo o no un rebrote. &#8220;La situaci\u00f3n que estamos viendo a nivel del pa\u00eds en que algunas curvas nos muestran algunos signos alarmantes, tenemos que ver c\u00f3mo se comportan con los pr\u00f3ximos d\u00edas para saber si efectivamente estas tendencias nos est\u00e1n indicando que hay un brote real de coronavirus o son el reflejo de un artefacto post 18&#8221;.<br \/>\nNo descart\u00f3 que el aumento en el n\u00famero de casos pueda &#8220;deberse a un rebrote real&#8221;.<br \/>\n&#8220;El tema es que tanto el rezago de diagn\u00f3sticos como el n\u00famero de testeos podr\u00eda estar tambi\u00e9n influyendo en estos cambios que estamos observando y necesitamos un par de d\u00edas m\u00e1s para poder ver si la tendencia se estabiliza, baja o sigue aumentando.<br \/>\nEsto, obviamente es algo que estamos mirando en forma s\u00faper detallada a nivel regional y comunal en las zonas m\u00e1s afectadas&#8221;, a\u00f1adi\u00f3 Araos.<br \/>\nSeg\u00fan el \u00faltimo informe epidemiol\u00f3gico, difundido por el Ministerio de Salud el s\u00e1bado pasado, la regi\u00f3n Metropolitana cuenta con una tasa de incidencia actual de casos activos del 48,7%.<br \/>\nLa comuna m\u00e1s afectada es Puente Alto, la cual deja hoy la cuarentena de lunes a viernes, y acumula un total de 371 pacientes con Covid-19.<br \/>\nLe siguen Maip\u00fa (306); Renca (267); La Florida (217); Santiago (168); Las Condes (146); San Bernardo (128); Pe\u00f1alol\u00e9n (110); Paine (106); y Pudahuel (104).<br \/>\nEl documento se\u00f1ala que la Regi\u00f3n Metropolitana contin\u00faa siendo la segunda regi\u00f3n con mayor tasa de incidencia acumulada por 100.000 habitantes, seg\u00fan casos confirmados por laboratorio, con 3918,6. Antecedida por la austral Magallanes (4349,0) y seguida por la nortina Tarapac\u00e1 (3357,9).<\/p>\n","protected":false},"excerpt":{"rendered":"<p>Enorme desaf\u00edo en medio alza de contagios en \u00faltimos d\u00edas SANTIAGO DEL CILE, 28 SET &#8211; El 97% de los casi 8 millones de habitantes&hellip;<\/p>\n","protected":false},"author":99,"featured_media":0,"comment_status":"open","ping_status":"open","sticky":false,"template":"","format":"standard","meta":{"footnotes":""},"categories":[23],"tags":[],"class_list":["post-494103","post","type-post","status-publish","format-standard","hentry","category-latinoamerica"],"_links":{"self":[{"href":"https:\/\/diarioelpopular.com\/index.php\/wp-json\/wp\/v2\/posts\/494103","targetHints":{"allow":["GET"]}}],"collection":[{"href":"https:\/\/diarioelpopular.com\/index.php\/wp-json\/wp\/v2\/posts"}],"about":[{"href":"https:\/\/diarioelpopular.com\/index.php\/wp-json\/wp\/v2\/types\/post"}],"author":[{"embeddable":true,"href":"https:\/\/diarioelpopular.com\/index.php\/wp-json\/wp\/v2\/users\/99"}],"replies":[{"embeddable":true,"href":"https:\/\/diarioelpopular.com\/index.php\/wp-json\/wp\/v2\/comments?post=494103"}],"version-history":[{"count":1,"href":"https:\/\/diarioelpopular.com\/index.php\/wp-json\/wp\/v2\/posts\/494103\/revisions"}],"predecessor-version":[{"id":494105,"href":"https:\/\/diarioelpopular.com\/index.php\/wp-json\/wp\/v2\/posts\/494103\/revisions\/494105"}],"wp:attachment":[{"href":"https:\/\/diarioelpopular.com\/index.php\/wp-json\/wp\/v2\/media?parent=494103"}],"wp:term":[{"taxonomy":"category","embeddable":true,"href":"https:\/\/diarioelpopular.com\/index.php\/wp-json\/wp\/v2\/categories?post=494103"},{"taxonomy":"post_tag","embeddable":true,"href":"https:\/\/diarioelpopular.com\/index.php\/wp-json\/wp\/v2\/tags?post=494103"}],"curies":[{"name":"wp","href":"https:\/\/api.w.org\/{rel}","templated":true}]}}