{"id":494106,"date":"2020-09-28T20:12:05","date_gmt":"2020-09-29T00:12:05","guid":{"rendered":"https:\/\/diarioelpopular.com\/?p=494106"},"modified":"2020-09-28T20:12:05","modified_gmt":"2020-09-29T00:12:05","slug":"sismo-en-el-gobierno-renuncias-e-intrigas","status":"publish","type":"post","link":"https:\/\/diarioelpopular.com\/index.php\/2020\/09\/28\/sismo-en-el-gobierno-renuncias-e-intrigas\/","title":{"rendered":"Sismo en el gobierno, renuncias e intrigas"},"content":{"rendered":"<div id=\"attachment_494107\" style=\"width: 160px\" class=\"wp-caption alignnone\"><img loading=\"lazy\" decoding=\"async\" aria-describedby=\"caption-attachment-494107\" class=\"size-thumbnail wp-image-494107\" src=\"https:\/\/diarioelpopular.com\/wp-content\/uploads\/2020\/09\/d45eb6947cbce07537ae5b0e0784afda-150x150.jpg\" alt=\"\" width=\"150\" height=\"150\" \/><p id=\"caption-attachment-494107\" class=\"wp-caption-text\"><em>Presidenta interina de Boliiva, Jeanine A\u00f1ez (foto: EPA)<\/em><\/p><\/div>\n<h4><em><strong>Presidenta interina echa a ministro de Econom\u00eda y varios dimiten<\/strong><\/em><\/h4>\n<p><em><strong>LA PAZ, 28 SET<\/strong> <\/em>&#8211; La presidenta interina de Bolivia, Jeanine A\u00f1ez, quien acaba de renunciar a su candidatura presidencial en busca de que no triunfe el Movimiento al Socialismo (MAS) de Evo Morales, decidi\u00f3 desplazar a su ministro de econom\u00eda y sufri\u00f3 varias renuncias en su gabinete.<br \/>\nPrimero, el ministro de Econom\u00eda, Oscar Ortiz, fue destituido tras hacerse p\u00fablicos su puja y desencuentros con el ministro de Gobierno, Arturo Murillo, sobre un decreto de privatizaci\u00f3n y otras medidas.<br \/>\n&#8220;Yo no he renunciado, aunque desarrollaron una campa\u00f1a informativa falsa seguramente para presionarme para que lo haga; me parece una forma indigna de actuar, pero de todas maneras entiendo que ya han decidido designar otra persona, por lo cual he venido justamente hoy a dejar limpio mi escritorio&#8221;, dijo Ortiz a la prensa, seg\u00fan consign\u00f3 el diario La Raz\u00f3n.<br \/>\nDe ese modo se convirti\u00f3 en el segundo alto miembro del Gobierno transitorio que preside A\u00f1ez que queda fuera de funciones por enfrentarse al ministro Murillo.<br \/>\nLa semana pasada la gobernante destituy\u00f3 al procurador general del Estado, Jos\u00e9 Mar\u00eda Cabrera, a pedido del ministro de Gobierno.<br \/>\nTras la salida de Ortiz, el ministro de Trabajo, Oscar Mercado, y el titular de Desarrollo Productivo, Jos\u00e9 Abel Mart\u00ednez, tambi\u00e9n dimitieron.<br \/>\nLos interesados ;;no quisieron precisar el motivo de su gesto, pero seg\u00fan el diario El Deber &#8220;la renuncia es producto de dos factores: el primero son las profundas diferencias en temas de relevancia estatal&#8221;, como podr\u00eda ser un intento de privatizar la distribuidora. de electricidad Elfec, y el segundo &#8220;serios problemas entre una parte del gobierno y el c\u00edrculo m\u00e1s cercano a la jefa de Estado&#8221;, integrado por algunos ministros clave, como el titular del Interior, Arturo Murillo.<br \/>\nSeg\u00fan el diario, otras renuncias podr\u00edan ocurrir en las pr\u00f3ximas horas en todos los niveles de gobierno, incluidos viceministros y gerentes generales de organismos gubernamentales Las intrigas y enfrentamientos dentro del Gobierno comenzaron a manifestarse despu\u00e9s de que \u00c1\u00f1ez anunciara el 14 de septiembre, cuando todav\u00eda era candidata presidencial, la privatizaci\u00f3n de la distribuidora el\u00e9ctrica Elfec, de Cochabamba (centro del pa\u00eds).<br \/>\nMenos de una semana despu\u00e9s, ante un notorio atraso en la publicaci\u00f3n del decreto de privatizaci\u00f3n, el procurador Cabrera revel\u00f3 que la decisi\u00f3n hab\u00eda encontrado oposici\u00f3n en el gabinete y que \u00e9l mismo la hab\u00eda objetado en debates previos por supuesta inconstitucionalidad.<br \/>\nCabrera, quien denunci\u00f3 que el ministro de Gobierno se neg\u00f3 a dar informaci\u00f3n sobre compras de materiales antidisturbios investigadas por supuesta corrupci\u00f3n, fue destituido y acus\u00f3 a Murillo como responsable de su salida.<br \/>\nOrtiz, por su parte, hab\u00eda dejado el liderazgo del oficialismo en el parlamento para incorporarse en mayo al Gobierno transitorio como Ministro de Desarrollo Productivo y a partir del 7 de julio como titular de Econom\u00eda.<\/p>\n","protected":false},"excerpt":{"rendered":"<p>Presidenta interina echa a ministro de Econom\u00eda y varios dimiten LA PAZ, 28 SET &#8211; La presidenta interina de Bolivia, Jeanine A\u00f1ez, quien acaba de&hellip;<\/p>\n","protected":false},"author":99,"featured_media":0,"comment_status":"open","ping_status":"open","sticky":false,"template":"","format":"standard","meta":{"footnotes":""},"categories":[23],"tags":[],"class_list":["post-494106","post","type-post","status-publish","format-standard","hentry","category-latinoamerica"],"_links":{"self":[{"href":"https:\/\/diarioelpopular.com\/index.php\/wp-json\/wp\/v2\/posts\/494106","targetHints":{"allow":["GET"]}}],"collection":[{"href":"https:\/\/diarioelpopular.com\/index.php\/wp-json\/wp\/v2\/posts"}],"about":[{"href":"https:\/\/diarioelpopular.com\/index.php\/wp-json\/wp\/v2\/types\/post"}],"author":[{"embeddable":true,"href":"https:\/\/diarioelpopular.com\/index.php\/wp-json\/wp\/v2\/users\/99"}],"replies":[{"embeddable":true,"href":"https:\/\/diarioelpopular.com\/index.php\/wp-json\/wp\/v2\/comments?post=494106"}],"version-history":[{"count":1,"href":"https:\/\/diarioelpopular.com\/index.php\/wp-json\/wp\/v2\/posts\/494106\/revisions"}],"predecessor-version":[{"id":494108,"href":"https:\/\/diarioelpopular.com\/index.php\/wp-json\/wp\/v2\/posts\/494106\/revisions\/494108"}],"wp:attachment":[{"href":"https:\/\/diarioelpopular.com\/index.php\/wp-json\/wp\/v2\/media?parent=494106"}],"wp:term":[{"taxonomy":"category","embeddable":true,"href":"https:\/\/diarioelpopular.com\/index.php\/wp-json\/wp\/v2\/categories?post=494106"},{"taxonomy":"post_tag","embeddable":true,"href":"https:\/\/diarioelpopular.com\/index.php\/wp-json\/wp\/v2\/tags?post=494106"}],"curies":[{"name":"wp","href":"https:\/\/api.w.org\/{rel}","templated":true}]}}