{"id":494127,"date":"2020-09-30T17:09:54","date_gmt":"2020-09-30T21:09:54","guid":{"rendered":"https:\/\/diarioelpopular.com\/?p=494127"},"modified":"2020-09-30T17:09:54","modified_gmt":"2020-09-30T21:09:54","slug":"adios-a-quino-el-genial-creador-de-mafalda","status":"publish","type":"post","link":"https:\/\/diarioelpopular.com\/index.php\/2020\/09\/30\/adios-a-quino-el-genial-creador-de-mafalda\/","title":{"rendered":"Adi\u00f3s a Quino, el genial creador de Mafalda"},"content":{"rendered":"<div id=\"attachment_494128\" style=\"width: 160px\" class=\"wp-caption alignnone\"><img loading=\"lazy\" decoding=\"async\" aria-describedby=\"caption-attachment-494128\" class=\"size-thumbnail wp-image-494128\" src=\"https:\/\/diarioelpopular.com\/wp-content\/uploads\/2020\/09\/de6b6af779b322235f8ef6ed3475e30e-150x150.jpg\" alt=\"\" width=\"150\" height=\"150\" \/><p id=\"caption-attachment-494128\" class=\"wp-caption-text\"><em>Joaquin Salvador Lavado y su creaci\u00f3n. (foto: EPA)<\/em><\/p><\/div>\n<p><em><strong>BUENOS AIRES, 30 SET &#8211;<\/strong><\/em> El artista gr\u00e1fico Joaqu\u00edn Salvador Lavado, conocido como Quino y que gan\u00f3 fama mundial por la tira c\u00f3mica &#8220;Mafalda&#8221;, la ni\u00f1a irreverente que se\u00f1ala los defectos de la clase media y reflexiona sobre cuestiones existenciales, falleci\u00f3 hoy a los 88 a\u00f1os. En los \u00faltimos d\u00edas, Quino hab\u00eda sufrido un ACV que caus\u00f3 un empeoramiento de su estado general, se inform\u00f3 hoy.<br \/>\nEl historietista, hijo de inmigrantes andaluces, hab\u00eda regresado hace alg\u00fan tiempo a la provincia argentina de Mendoza, donde hab\u00eda nacido el 17 de julio de 1932.<br \/>\nQuino recorri\u00f3 un largo camino antes de crear a su &#8220;ni\u00f1a terrible&#8221;, que se atrev\u00eda a desafiar al mundo heredado de sus mayores.<br \/>\nA los 13 a\u00f1os ingres\u00f3 a la Escuela de Bellas Artes pero luego abandon\u00f3 la carrera, ya que lo suyo, consideraba, no era &#8220;dibujar \u00e1nforas y yesos&#8221;. A partir de ese momento empez\u00f3 a dibujar historietas, incursion\u00f3 en el humor y a los 20 a\u00f1os se traslad\u00f3 a Buenos Aires, donde empez\u00f3 a recorrer redacciones de diarios y revistas en busca de trabajo, sin \u00e9xito.<br \/>\nEn 1954 public\u00f3 su primera tira en el semanario &#8220;Esto es&#8221; y en 1963 su primer libro, &#8220;Mundo Quino&#8221;, donde con humor oscuro expone sus puntos de vista sobre el amor, la religi\u00f3n, la muerte y las dictaduras militares.<br \/>\nEse mismo a\u00f1o, naci\u00f3 Mafalda para publicitar el lanzamiento de una marca de electrodom\u00e9sticos, &#8220;Mansfield&#8221;. La campa\u00f1a finalmente no se hizo pero Quino guard\u00f3 la tira, que termin\u00f3 publicando en el semanario Primera Plana, el 29 de septiembre de 1964.<br \/>\nUn a\u00f1o despu\u00e9s, Mafalda lleg\u00f3 al diario El Mundo. Su lengua filosa (y fil\u00f3sofa) sobre las contradicciones humanas y el absurdo de la vida le abri\u00f3 las puertas de varios pa\u00edses de Am\u00e9rica Latina y a\u00f1os m\u00e1s tarde, de Europa.<br \/>\nSu fenomenal \u00e9xito -y actualidad-, se deben a que las reflexiones de esa ni\u00f1a trascienden el tiempo y las fronteras.<br \/>\nEl primer libro que recopilaba tiras de la peque\u00f1a irreverente, &#8220;Mafalda I&#8221;, se public\u00f3 en Argentina en 1966: 5.000 ejemplares que se agotaron en dos d\u00edas. Su fenomenal \u00e9xito -y actualidad-, se deben a que sus reflexiones trascienden el tiempo y las fronteras.<br \/>\nEn aquellos a\u00f1os, el escritor y fil\u00f3sofo italiano Umberto Eco analizaba el lenguaje de las historietas y se top\u00f3 con &#8220;Mafalda&#8221;. No tard\u00f3 en comunicarse con Quino a quien conect\u00f3 con una editorial para publicar las tiras en Italia.<br \/>\nLa primera aparici\u00f3n de Mafalda en la Pen\u00ednsula fue en 1968, en &#8220;El libro de ni\u00f1os terribles para adultos masoquistas&#8221;, de Feltrinelli. Y al a\u00f1o siguiente, la joven protagonista tuvo su libro propio, &#8220;Mafalda la contestataria&#8221;, con pr\u00f3logo de Eco, director de la colecci\u00f3n.<br \/>\nEn 2019, el Museo Diotti de la ciudad italiana de Casalmaggiore, organiz\u00f3 la exposici\u00f3n &#8220;Mafalda la contestataria, hace 50 a\u00f1os en Italia&#8221;, para celebrar las cinco d\u00e9cadas de la edici\u00f3n italiana.<br \/>\nItalia fue, adem\u00e1s, el pa\u00eds que recibi\u00f3 a Quino en el exilio, tras el golpe de Estado militar en Argentina de 1976.<br \/>\nVivi\u00f3 all\u00ed hasta 1983, cuando retorn\u00f3 a su pa\u00eds tras el regreso de la democracia.<br \/>\nEn una entrevista hace algunos a\u00f1os el artista gr\u00e1fico dijo que &#8220;si Mafalda hubiese vivido durante los a\u00f1os de la dictadura hubiese sido una desaparecida m\u00e1s, por el simple hecho de que ten\u00eda un cerebro cr\u00edtico&#8221;.<br \/>\n&#8220;Los problemas a los cuales se enfrentaba Mafalda todav\u00eda persisten&#8221;, asegur\u00f3 Quino en esa oportunidad, al referirse a aquella ni\u00f1a despeinada, que atormentaba a sus padres y a sus amigos con el hambre en el mundo, la carrera armamentista y la represi\u00f3n a los opositores.<br \/>\nEl personaje impresion\u00f3 tambi\u00e9n a Julio Cort\u00e1zar: &#8220;No es importante lo que yo piense de Mafalda, sino lo que ella piense de m\u00ed&#8221;, afirm\u00f3 el escritor argentino.<br \/>\nA lo largo de su carrera, Quino recibi\u00f3 reconocimientos como la Orden Oficial de la Legi\u00f3n de Honor, el m\u00e1s importante que el gobierno franc\u00e9s le concede a un extranjero, y en 2014 obtuvo en Espa\u00f1a el Premio Pr\u00edncipe de Asturias de Comunicaci\u00f3n y Humanidades.<br \/>\nEn aquella oportunidad, V\u00edctor Garc\u00eda de la Concha, presidente del jurado y director del Instituto Cervantes, afirm\u00f3 que Quino supo combinar con sabidur\u00eda &#8220;la simplicidad en el trazo del dibujo con la profundidad de su pensamiento&#8221;.<br \/>\nEse mismo a\u00f1o, inaugur\u00f3 la 40a Feria Internacional del Libro de Buenos Aires, donde cientos de fan\u00e1ticos de Mafalda le llevaron sus libros para que los autografiara, aprovecharon para expresarle su afecto y pedirle una que otra &#8220;selfie&#8221;.<br \/>\nQuino no era muy amigo de las entrevistas o de los eventos sociales, pero siempre esbozaba una sonrisa y manten\u00eda una charla atenta con los fan\u00e1ticos de todas las edades que se le acercaban. Y no dudaba en recibir los abrazos de sus lectores m\u00e1s peque\u00f1os.<br \/>\nEl artista se caracteriz\u00f3 por su absoluta sencillez, a pesar de que, como confes\u00f3 alguna vez en clave de humor, &#8220;hubiera querido ser Picasso&#8221;. No lo marearon ni los premios, ni el reconocimiento mundial, ni el r\u00e9cord total ni las continuas reediciones de los 12 tomos que re\u00fanen las aventuras de Mafalda, creadas entre 1964 y 1973.<br \/>\n&#8220;Una cosa que me dice mucha gente es &#8216;gracias por todo lo que nos has dado&#8217;. Yo me quedo pensando qu\u00e9 les he dado. No soy muy consciente de lo que he hecho&#8221;, dijo hace algunos a\u00f1os en una entrevista.<br \/>\nLa respuesta es simple: la estatua de Mafalda, sentada sobre un banco de plaza en el coraz\u00f3n del barrio porte\u00f1o de San Telmo, a pocos metros de la que fue la casa de Quino, de seguro recibir\u00e1 por estos d\u00edas muchos abrazos.<\/p>\n","protected":false},"excerpt":{"rendered":"<p>BUENOS AIRES, 30 SET &#8211; El artista gr\u00e1fico Joaqu\u00edn Salvador Lavado, conocido como Quino y que gan\u00f3 fama mundial por la tira c\u00f3mica &#8220;Mafalda&#8221;, la&hellip;<\/p>\n","protected":false},"author":99,"featured_media":0,"comment_status":"open","ping_status":"open","sticky":false,"template":"","format":"standard","meta":{"footnotes":""},"categories":[23,11354],"tags":[],"class_list":["post-494127","post","type-post","status-publish","format-standard","hentry","category-latinoamerica","category-sucesos"],"_links":{"self":[{"href":"https:\/\/diarioelpopular.com\/index.php\/wp-json\/wp\/v2\/posts\/494127","targetHints":{"allow":["GET"]}}],"collection":[{"href":"https:\/\/diarioelpopular.com\/index.php\/wp-json\/wp\/v2\/posts"}],"about":[{"href":"https:\/\/diarioelpopular.com\/index.php\/wp-json\/wp\/v2\/types\/post"}],"author":[{"embeddable":true,"href":"https:\/\/diarioelpopular.com\/index.php\/wp-json\/wp\/v2\/users\/99"}],"replies":[{"embeddable":true,"href":"https:\/\/diarioelpopular.com\/index.php\/wp-json\/wp\/v2\/comments?post=494127"}],"version-history":[{"count":1,"href":"https:\/\/diarioelpopular.com\/index.php\/wp-json\/wp\/v2\/posts\/494127\/revisions"}],"predecessor-version":[{"id":494129,"href":"https:\/\/diarioelpopular.com\/index.php\/wp-json\/wp\/v2\/posts\/494127\/revisions\/494129"}],"wp:attachment":[{"href":"https:\/\/diarioelpopular.com\/index.php\/wp-json\/wp\/v2\/media?parent=494127"}],"wp:term":[{"taxonomy":"category","embeddable":true,"href":"https:\/\/diarioelpopular.com\/index.php\/wp-json\/wp\/v2\/categories?post=494127"},{"taxonomy":"post_tag","embeddable":true,"href":"https:\/\/diarioelpopular.com\/index.php\/wp-json\/wp\/v2\/tags?post=494127"}],"curies":[{"name":"wp","href":"https:\/\/api.w.org\/{rel}","templated":true}]}}