{"id":494132,"date":"2020-09-30T17:43:05","date_gmt":"2020-09-30T21:43:05","guid":{"rendered":"https:\/\/diarioelpopular.com\/?p=494132"},"modified":"2020-09-30T17:43:05","modified_gmt":"2020-09-30T21:43:05","slug":"la-pelea-de-bukele-contra-la-prensa-en-el-salvador","status":"publish","type":"post","link":"https:\/\/diarioelpopular.com\/index.php\/2020\/09\/30\/la-pelea-de-bukele-contra-la-prensa-en-el-salvador\/","title":{"rendered":"La pelea de Bukele contra la prensa en El Salvador"},"content":{"rendered":"<div id=\"attachment_494133\" style=\"width: 646px\" class=\"wp-caption alignnone\"><img loading=\"lazy\" decoding=\"async\" aria-describedby=\"caption-attachment-494133\" class=\"size-custom-full-size wp-image-494133\" src=\"https:\/\/diarioelpopular.com\/wp-content\/uploads\/2020\/09\/Screen-Shot-2020-09-30-at-5.40.28-PM-636x422.png\" alt=\"\" width=\"636\" height=\"422\" \/><p id=\"caption-attachment-494133\" class=\"wp-caption-text\"><em>Nayib Bukele presidente de El Salvador.<\/em><\/p><\/div>\n<h4><strong><em>Cientos de periodistas y medios de comunicaci\u00f3n en Latinoam\u00e9rica rechazaron \u201cel clima de acoso y estigmatizaci\u00f3n\u201d en contra de la prensa por parte del gobierno de Nayib Bukele. En una carta abierta, solicitaron a la CIDH un monitoreo especial y pronunciamiento p\u00fablico frente a \u201cla escalada de ataques contra la prensa\u201d.<\/em><\/strong><\/h4>\n<p>En una carta dirigida a <a href=\"https:\/\/twitter.com\/EdisonLanza\" target=\"_blank\" rel=\"noopener\">Edison Lanza<\/a>, relator Especial para la Libertad de Expresi\u00f3n de la Comisi\u00f3n Interamericana de Derechos Humanos (CIDH), m\u00e1s de 100 firmantes \u2013entre periodistas, medios y organizaciones\u2013 solicitaron un monitoreo especial y pronunciamiento p\u00fablico frente a lo que consideran una \u201cescalada de ataques contra la prensa independiente de El Salvador y el Estado de Derecho ejercida por el presidente de ese pa\u00eds, Nayib Bukele&#8221;, se lee en el documento publicado por la <a href=\"https:\/\/fundaciongabo.org\/es\/noticias\/articulo\/carta-abierta-y-urgente-al-relator-especial-para-la-libertad-de-expresion\" target=\"_blank\" rel=\"noopener\">Fundaci\u00f3n Gabo.<\/a><\/p>\n<p>Los firmantes alegan que \u201cel clima de acoso y estigmatizaci\u00f3n\u201d en contra de los medios de comunicaci\u00f3n se agudiz\u00f3 luego de que el <a href=\"https:\/\/elfaro.net\/\" target=\"_blank\" rel=\"noopener\">peri\u00f3dico El Faro<\/a> revel\u00f3 el 3 de septiembre una negociaci\u00f3n secreta entre el Gobierno de Bukele y una de las bandas del crimen organizado de ese pa\u00eds (la Mara Salvatrucha, MS-13), con vistas a las elecciones de 2021 en El Salvador.<\/p>\n<p>\u201cEl \u00faltimo eslab\u00f3n de esa escalada se produjo en la noche del 24 de septiembre cuando el presidente Bukele anunci\u00f3 por cadena nacional que El Faro est\u00e1 siendo investigado por \u2018lavado de dinero y evasi\u00f3n tributaria\u2019\u201d, se lee en la carta firmada por los periodistas.<\/p>\n<p class=\"font--secondary\">Ese d\u00eda, el presidente Bukele coment\u00f3: \u201cQu\u00e9 curioso que siempre que viene alguien de El Faro hace preguntas sobre los intereses de sus financistas. Sienten que son intocables porque no quieren entregar documentos de qui\u00e9nes son sus donantes y piensan que pueden mentir las veces que quieran\u201d, dijo Bukele. Agreg\u00f3 que su gobierno est\u00e1 comprometido con la libertad de expresi\u00f3n, sin embargo, \u201calgunos pasan publicando una sarta de mentiras y lo que nosotros hacemos es desmentirlos. Eso no es violar la libertad\u201d, dijo.<\/p>\n<p class=\"font--secondary\">Los periodistas y las organizaciones firmantes alegan que los ataques del presidente el 24 de septiembre no s\u00f3lo estaban dirigidos a El Faro. \u201cTres cuartas partes de su alocuci\u00f3n de dos horas -transmitida a todo el pa\u00eds- estuvieron dedicadas a denostar y descalificar el trabajo de otros medios de comunicaci\u00f3n, como Factum, Focos, Gato Encerrado, El Diario de Hoy, La Prensa Gr\u00e1fica, Colatino y El Mundo\u201d.<\/p>\n<p class=\"font--secondary\">Adem\u00e1s de las investigaciones por \u201clavado de dinero y evasi\u00f3n tributaria\u201d, los firmantes explicaron que El Faro es objeto de otro tipo de acusaciones. \u201cEl 2 de julio se public\u00f3 en el Diario La P\u00e1gina un texto an\u00f3nimo en el que se acus\u00f3 a sus directivos de encubrir un delito de agresi\u00f3n sexual contra una periodista. La P\u00e1gina est\u00e1 bajo tuici\u00f3n del Consejo Nacional de Administraci\u00f3n de Bienes, que preside el Ministerio de Justicia y Seguridad. Es decir, est\u00e1 controlada por el Gobierno de El Salvador\u201d, se lee en el documento.<\/p>\n<p class=\"font--secondary\">\u201cNo obstante que la supuesta v\u00edctima desminti\u00f3 lo publicado y denunci\u00f3 ser objeto de una manipulaci\u00f3n con fines pol\u00edticos, la Fiscal\u00eda abri\u00f3 una investigaci\u00f3n contra El Faro y uno de sus periodistas, y luego una segunda indagaci\u00f3n, esta vez contra el director y uno de sus abogados. Ambas investigaciones est\u00e1n en curso\u201d.<\/p>\n<p class=\"font--secondary\">Por estos y otros hechos relacionados a \u201clos ataques sistem\u00e1ticos al periodismo independiente\u201d, los firmantes solicitaron al relator Especial para la Libertad de Expresi\u00f3n de la CIDH monitorear de manera especial y con extrema urgencia la situaci\u00f3n en El Salvador al m\u00e1s breve plazo.<\/p>\n<p class=\"font--secondary\">Agregaron que es fundamental \u201cexpresar cuanto antes de manera p\u00fablica su opini\u00f3n calificada sobre los graves hechos ac\u00e1 rese\u00f1ados, a la luz de los est\u00e1ndares interamericanos de libertad de expresi\u00f3n\u201d. Y por \u00faltimo, solicitaron a Edison Lanza anunciar que la relator\u00eda estar\u00e1 observando detenidamente las condiciones de la prensa en El Salvador.<\/p>\n<p>&nbsp;<\/p>\n","protected":false},"excerpt":{"rendered":"<p>Cientos de periodistas y medios de comunicaci\u00f3n en Latinoam\u00e9rica rechazaron \u201cel clima de acoso y estigmatizaci\u00f3n\u201d en contra de la prensa por parte del gobierno&hellip;<\/p>\n","protected":false},"author":99,"featured_media":0,"comment_status":"open","ping_status":"open","sticky":false,"template":"","format":"standard","meta":{"footnotes":""},"categories":[23],"tags":[],"class_list":["post-494132","post","type-post","status-publish","format-standard","hentry","category-latinoamerica"],"_links":{"self":[{"href":"https:\/\/diarioelpopular.com\/index.php\/wp-json\/wp\/v2\/posts\/494132","targetHints":{"allow":["GET"]}}],"collection":[{"href":"https:\/\/diarioelpopular.com\/index.php\/wp-json\/wp\/v2\/posts"}],"about":[{"href":"https:\/\/diarioelpopular.com\/index.php\/wp-json\/wp\/v2\/types\/post"}],"author":[{"embeddable":true,"href":"https:\/\/diarioelpopular.com\/index.php\/wp-json\/wp\/v2\/users\/99"}],"replies":[{"embeddable":true,"href":"https:\/\/diarioelpopular.com\/index.php\/wp-json\/wp\/v2\/comments?post=494132"}],"version-history":[{"count":1,"href":"https:\/\/diarioelpopular.com\/index.php\/wp-json\/wp\/v2\/posts\/494132\/revisions"}],"predecessor-version":[{"id":494134,"href":"https:\/\/diarioelpopular.com\/index.php\/wp-json\/wp\/v2\/posts\/494132\/revisions\/494134"}],"wp:attachment":[{"href":"https:\/\/diarioelpopular.com\/index.php\/wp-json\/wp\/v2\/media?parent=494132"}],"wp:term":[{"taxonomy":"category","embeddable":true,"href":"https:\/\/diarioelpopular.com\/index.php\/wp-json\/wp\/v2\/categories?post=494132"},{"taxonomy":"post_tag","embeddable":true,"href":"https:\/\/diarioelpopular.com\/index.php\/wp-json\/wp\/v2\/tags?post=494132"}],"curies":[{"name":"wp","href":"https:\/\/api.w.org\/{rel}","templated":true}]}}