{"id":494160,"date":"2020-10-01T11:59:34","date_gmt":"2020-10-01T15:59:34","guid":{"rendered":"https:\/\/diarioelpopular.com\/?p=494160"},"modified":"2020-10-01T11:59:34","modified_gmt":"2020-10-01T15:59:34","slug":"se-perfila-segunda-vuelta-elecciones-segun-sondeo","status":"publish","type":"post","link":"https:\/\/diarioelpopular.com\/index.php\/2020\/10\/01\/se-perfila-segunda-vuelta-elecciones-segun-sondeo\/","title":{"rendered":"Se perfila segunda vuelta elecciones seg\u00fan sondeo"},"content":{"rendered":"<div id=\"attachment_494161\" style=\"width: 160px\" class=\"wp-caption alignnone\"><img loading=\"lazy\" decoding=\"async\" aria-describedby=\"caption-attachment-494161\" class=\"size-thumbnail wp-image-494161\" src=\"https:\/\/diarioelpopular.com\/wp-content\/uploads\/2020\/10\/ae21a2447f0802acbc3d2ca9ce25ce23-150x150.jpg\" alt=\"\" width=\"150\" height=\"150\" \/><p id=\"caption-attachment-494161\" class=\"wp-caption-text\"><em>Luis Arce en campa\u00f1a (foto: EPA)<\/em><\/p><\/div>\n<h4><em><strong>Tras la salida de A\u00f1ez<\/strong><\/em><\/h4>\n<p><em><strong>LA PAZ 1 OCT &#8211;<\/strong><\/em> Los porcentajes para los dos principales candidatos en vista de las elecciones generales bolivianas de octubre cambiaron tras la renuncia a la candidatura de la presidenta interina Jeanine A\u00f1ez, y ahora se perfila una probable segunda vuelta.<br \/>\n&#8220;Luis Arce (Movimiento al Socialismo MAS) y Carlos Mesa (Comunidad Ciudadana) empezaron a desprenderse de sus competidores pol\u00edticos y todo apunta a que habr\u00e1 una segunda vuelta en Bolivia, seg\u00fan la encuesta que elabor\u00f3 la empresa Cies Mori para las redes Unitel y Bolivisi\u00f3n&#8221;, afirma el portal El Deber.<br \/>\nSeg\u00fan los nuevos datos, el MAS logra el 30,6 % de la preferencia electoral en tanto CC alcanza el 24,7 % y muy atr\u00e1s est\u00e1 el resto de los candidatos. En tercer lugar aparece Creemos con 12,7%, luego FPV, 2,5%, Libre 21 1,2%, Panbol 0,5% y finalmente ADN con el 03,%.<br \/>\nCuando A\u00f1ez renunci\u00f3 a su candidatura dijo que lo hac\u00eda para reforzar la postura contraria al retorno del MAS. Las nuevas cifras ahora favorecen sobre todo a Carlos Mesa, de Comunidad Ciudadana.<\/p>\n","protected":false},"excerpt":{"rendered":"<p>Tras la salida de A\u00f1ez LA PAZ 1 OCT &#8211; Los porcentajes para los dos principales candidatos en vista de las elecciones generales bolivianas de&hellip;<\/p>\n","protected":false},"author":99,"featured_media":0,"comment_status":"open","ping_status":"open","sticky":false,"template":"","format":"standard","meta":{"footnotes":""},"categories":[23],"tags":[],"class_list":["post-494160","post","type-post","status-publish","format-standard","hentry","category-latinoamerica"],"_links":{"self":[{"href":"https:\/\/diarioelpopular.com\/index.php\/wp-json\/wp\/v2\/posts\/494160","targetHints":{"allow":["GET"]}}],"collection":[{"href":"https:\/\/diarioelpopular.com\/index.php\/wp-json\/wp\/v2\/posts"}],"about":[{"href":"https:\/\/diarioelpopular.com\/index.php\/wp-json\/wp\/v2\/types\/post"}],"author":[{"embeddable":true,"href":"https:\/\/diarioelpopular.com\/index.php\/wp-json\/wp\/v2\/users\/99"}],"replies":[{"embeddable":true,"href":"https:\/\/diarioelpopular.com\/index.php\/wp-json\/wp\/v2\/comments?post=494160"}],"version-history":[{"count":1,"href":"https:\/\/diarioelpopular.com\/index.php\/wp-json\/wp\/v2\/posts\/494160\/revisions"}],"predecessor-version":[{"id":494162,"href":"https:\/\/diarioelpopular.com\/index.php\/wp-json\/wp\/v2\/posts\/494160\/revisions\/494162"}],"wp:attachment":[{"href":"https:\/\/diarioelpopular.com\/index.php\/wp-json\/wp\/v2\/media?parent=494160"}],"wp:term":[{"taxonomy":"category","embeddable":true,"href":"https:\/\/diarioelpopular.com\/index.php\/wp-json\/wp\/v2\/categories?post=494160"},{"taxonomy":"post_tag","embeddable":true,"href":"https:\/\/diarioelpopular.com\/index.php\/wp-json\/wp\/v2\/tags?post=494160"}],"curies":[{"name":"wp","href":"https:\/\/api.w.org\/{rel}","templated":true}]}}