{"id":494163,"date":"2020-10-01T12:01:32","date_gmt":"2020-10-01T16:01:32","guid":{"rendered":"https:\/\/diarioelpopular.com\/?p=494163"},"modified":"2020-10-01T12:01:32","modified_gmt":"2020-10-01T16:01:32","slug":"pobreza-alcanza-a-mas-del-40-de-la-poblacion","status":"publish","type":"post","link":"https:\/\/diarioelpopular.com\/index.php\/2020\/10\/01\/pobreza-alcanza-a-mas-del-40-de-la-poblacion\/","title":{"rendered":"Pobreza alcanza a m\u00e1s del 40% de la poblaci\u00f3n"},"content":{"rendered":"<div id=\"attachment_494164\" style=\"width: 160px\" class=\"wp-caption alignnone\"><img loading=\"lazy\" decoding=\"async\" aria-describedby=\"caption-attachment-494164\" class=\"size-thumbnail wp-image-494164\" src=\"https:\/\/diarioelpopular.com\/wp-content\/uploads\/2020\/10\/6a9f44fa3cb4a19c7d40b2b307970ba0-150x150.jpg\" alt=\"\" width=\"150\" height=\"150\" \/><p id=\"caption-attachment-494164\" class=\"wp-caption-text\"><em>La pobreza en Argentina (foto: EPA)<\/em><\/p><\/div>\n<h4><em><strong>Ocupa uno de los peores lugares de la regi\u00f3n<\/strong><\/em><\/h4>\n<p><em><strong>BUENOS AIRES 1 OCT &#8211;<\/strong> <\/em>La tasa de pobreza en el primer semestre de 2020 alcanz\u00f3 el 40,9% en la Argentina, seg\u00fan cifras oficiales de la Encuesta Permanente de Hogares (EPH) del Instituto Nacional de Estad\u00edstica y Censos (Indec).<br \/>\nLa pobreza registr\u00f3 as\u00ed una suba de cinco puntos y medio en un a\u00f1o (era del 35,4% en el primer semestre de 2019), seg\u00fan el relevamiento que el Indec realiza en 31 aglomerados urbanos,.<br \/>\nEn la Argentina hay as\u00ed 18,5 millones de pobres y 4,7 millones de indigentes, que no llegan a cubrir la canasta b\u00e1sica alimentaria. En doce meses -reporta el informe- quedaron bajo la l\u00ednea de pobreza 2,6 millones de argentinos y bajo la l\u00ednea de indigencia, 1,3 millones de personas.<br \/>\nSe trata del peor \u00edndice de pobreza desde 2004, cuando afectaba al 44,3% de la poblaci\u00f3n, tras la fuerte crisis desencadenada en 2001.<br \/>\nEl porcentaje de chicos de 0 a 14 a\u00f1os pobres aument\u00f3 de 52,6% a 56,3% en 12 meses: esto implica unos 6,1 millones de ni\u00f1os afectados, con la mayor tasa de pobreza en Concordia (52,2%) y la menor en la Ciudad de Buenos Aires (17,3%).<br \/>\nEn t\u00e9rminos absolutos, la mayor cantidad de pobres en el pa\u00eds est\u00e1n en la periferia de la Ciudad de Buenos Aires (5,8 millones de personas).<br \/>\nLa situaci\u00f3n fue empeorada por la pandemia, que afect\u00f3 m\u00e1s especialmente a los trabajadores por cuenta propia y los asalariados no registrados, y los altos \u00edndices de inflaci\u00f3n.<br \/>\n&#8220;El semestre es un promedio de un de primer trimestre, que con recepci\u00f3n de bonos y aguinaldos m\u00e1s la tarjeta alimentaria, no habr\u00eda variado, y un segundo trimestre en el que la pobreza habr\u00eda llegado a un 47%&#8221;, dijo al diario La Naci\u00f3n Agust\u00edn Salvia, coordinador del Observatorio de la Deuda Social Argentina (ODSA) de la UCA.<\/p>\n","protected":false},"excerpt":{"rendered":"<p>Ocupa uno de los peores lugares de la regi\u00f3n BUENOS AIRES 1 OCT &#8211; La tasa de pobreza en el primer semestre de 2020 alcanz\u00f3&hellip;<\/p>\n","protected":false},"author":99,"featured_media":0,"comment_status":"open","ping_status":"open","sticky":false,"template":"","format":"standard","meta":{"footnotes":""},"categories":[23],"tags":[],"class_list":["post-494163","post","type-post","status-publish","format-standard","hentry","category-latinoamerica"],"_links":{"self":[{"href":"https:\/\/diarioelpopular.com\/index.php\/wp-json\/wp\/v2\/posts\/494163","targetHints":{"allow":["GET"]}}],"collection":[{"href":"https:\/\/diarioelpopular.com\/index.php\/wp-json\/wp\/v2\/posts"}],"about":[{"href":"https:\/\/diarioelpopular.com\/index.php\/wp-json\/wp\/v2\/types\/post"}],"author":[{"embeddable":true,"href":"https:\/\/diarioelpopular.com\/index.php\/wp-json\/wp\/v2\/users\/99"}],"replies":[{"embeddable":true,"href":"https:\/\/diarioelpopular.com\/index.php\/wp-json\/wp\/v2\/comments?post=494163"}],"version-history":[{"count":1,"href":"https:\/\/diarioelpopular.com\/index.php\/wp-json\/wp\/v2\/posts\/494163\/revisions"}],"predecessor-version":[{"id":494165,"href":"https:\/\/diarioelpopular.com\/index.php\/wp-json\/wp\/v2\/posts\/494163\/revisions\/494165"}],"wp:attachment":[{"href":"https:\/\/diarioelpopular.com\/index.php\/wp-json\/wp\/v2\/media?parent=494163"}],"wp:term":[{"taxonomy":"category","embeddable":true,"href":"https:\/\/diarioelpopular.com\/index.php\/wp-json\/wp\/v2\/categories?post=494163"},{"taxonomy":"post_tag","embeddable":true,"href":"https:\/\/diarioelpopular.com\/index.php\/wp-json\/wp\/v2\/tags?post=494163"}],"curies":[{"name":"wp","href":"https:\/\/api.w.org\/{rel}","templated":true}]}}