{"id":494172,"date":"2020-10-01T18:18:53","date_gmt":"2020-10-01T22:18:53","guid":{"rendered":"https:\/\/diarioelpopular.com\/?p=494172"},"modified":"2020-10-01T18:18:53","modified_gmt":"2020-10-01T22:18:53","slug":"impacto-brutal-en-latinoamerica","status":"publish","type":"post","link":"https:\/\/diarioelpopular.com\/index.php\/2020\/10\/01\/impacto-brutal-en-latinoamerica\/","title":{"rendered":"Impacto brutal en Latinoam\u00e9rica"},"content":{"rendered":"<div id=\"attachment_494173\" style=\"width: 160px\" class=\"wp-caption alignnone\"><img loading=\"lazy\" decoding=\"async\" aria-describedby=\"caption-attachment-494173\" class=\"size-thumbnail wp-image-494173\" src=\"https:\/\/diarioelpopular.com\/wp-content\/uploads\/2020\/10\/0515d3315604b538e0eb6bf2f563352-150x150.jpg\" alt=\"\" width=\"150\" height=\"150\" \/><p id=\"caption-attachment-494173\" class=\"wp-caption-text\"><em>Una mujer llora en Lima la muerte de dos seres queridos por Covid-19<\/em><\/p><\/div>\n<h4><em><strong>Seis pa\u00edses de regi\u00f3n entre 10 con m\u00e1s decesos cada 100 mil<\/strong><\/em><\/h4>\n<p>Un pa\u00eds de Latinoam\u00e9rica, Per\u00fa, ocupa el primer lugar del mundo en base a la cantidad de muertes por cada 100 mil habitantes, con 101 decesos, un ranking tenebroso que tiene a seis naciones de esa regi\u00f3n entre los diez primeros lugares.<br \/>\nSe trata de un escalaf\u00f3n estad\u00edstico de la universidad estadounidense Johns Hopkins, que ubica a Per\u00fa en el primer lugar, seguido por B\u00e9lgica (87,1), Bolivia (69,9), Brasil (68,2), Chile (67,9), Espa\u00f1a (67,3), Ecuador (66,2), Estados Unidos (62,8), Reino Unido (62,7) y M\u00e9xico (61,1).<br \/>\nSi bien Estados Unidos, Brasil e India son los tres pa\u00edses con m\u00e1s fallecidos en t\u00e9rminos absolutos, la comparaci\u00f3n entre las muertes de pa\u00edses con m\u00e1s de un mill\u00f3n de habitantes en relaci\u00f3n con su poblaci\u00f3n revela que Per\u00fa y Bolivia est\u00e1n entre los m\u00e1s afectados.<br \/>\nEn cambio, si se analiza el n\u00famero de casos, pero no de muertes, la lista cambia y en el ranking de los 10 pa\u00edses principales pasan a figurar Colombia y Argentina.<br \/>\nSeg\u00fan un estudio estad\u00edstico de la misma universidad estadounidense los 10 pa\u00edses con m\u00e1s casos registrados son Estados Unidos (7.191.349), India (6.225.763), Brasil (4.777.522), Rusia (1.170.799), Colombia (824.042), Per\u00fa (811.768), Espa\u00f1a (758.172), M\u00e9xico (738.163), Argentina (736.609) y Sud\u00e1frica (672.572).<br \/>\nComo se ve en el tope de este escalaf\u00f3n hay cinco pa\u00edses latinoamericanos, entre los que no aparecen, por ejemplo, Per\u00fa y Bolivia, entre los m\u00e1s afectados por fallecimientos cada 100 mil habitantes.<br \/>\nLa pandemia de Covid-19 ya se cobr\u00f3 en el mundo m\u00e1s de un mill\u00f3n de vidas. Exactamente 1.008.842, seg\u00fan datos recopilados hasta ayer por la universidad Johns Hopkins.<br \/>\nEmpero, Latinoam\u00e9rica sigue siendo hoy la m\u00e1s afectada de las regiones por el Covid-19 y la que est\u00e1 m\u00e1s lejos de controlarla tras siete meses de enfrentamiento con el SARS-CoV-2, con algo m\u00e1s del 33,8 por ciento de los fallecidos en el mundo por la pandemia. La regi\u00f3n acumula, adem\u00e1s, el 27 por ciento de los contagios registrados a nivel global, seg\u00fan datos de la Organizaci\u00f3n Panamericana de la Salud (OPS).<br \/>\nEsos porcentajes se traducen en 339 mil muertes y m\u00e1s de 9 millones de contagios totales.<br \/>\nLa pandemia no s\u00f3lo est\u00e1 impactando en la salud y la vida de los pobladores latinoamericanos. Es que la crisis destruy\u00f3 al menos 34 millones de empleos en Am\u00e9rica Latina y el Caribe y podr\u00eda hacer crecer las desigualdades de la regi\u00f3n, advirti\u00f3 recientemente la Organizaci\u00f3n Internacional de Trabajo (OIT).<br \/>\nLa entidad pidi\u00f3 que se adopten &#8220;estrategias inmediatas&#8221; para intentar paliar estos da\u00f1os. &#8220;Enfrentamos un desaf\u00edo sin precedentes, el de la reconstrucci\u00f3n de los mercados laborales de la regi\u00f3n, lo cual implica enfrentar fallas estructurales que se han agudizado con la pandemia, como son la baja productividad, la alta informalidad y la desigualdad de ingresos y de oportunidades de trabajo decente&#8221;, dijo el director de la OIT para Am\u00e9rica Latina y el Caribe, Vin\u00edcius Pinheiro.<br \/>\nA principios de agosto, la OIT hablaba de la destrucci\u00f3n de 14 millones de empleos lo que supone que en menos de dos meses se han perdido otros 20 millones, pese a que se han suavizado las medidas de aislamiento en todos los pa\u00edses de la regi\u00f3n y se dio en las \u00faltimas semanas un &#8220;contexto de incipiente recuperaci\u00f3n&#8221;.<br \/>\nLa OIT alert\u00f3 en su informe sobre &#8220;la dr\u00e1stica contracci\u00f3n del empleo, de las horas trabajadas y de los ingresos&#8221; pese a que a partir del tercer trimestre de 2020 &#8220;se detecta una recuperaci\u00f3n en los niveles de actividad econ\u00f3mica y que los primeros datos revelan una incipiente recuperaci\u00f3n del empleo y un retorno a la fuerza laboral&#8221;.<\/p>\n","protected":false},"excerpt":{"rendered":"<p>Seis pa\u00edses de regi\u00f3n entre 10 con m\u00e1s decesos cada 100 mil Un pa\u00eds de Latinoam\u00e9rica, Per\u00fa, ocupa el primer lugar del mundo en base&hellip;<\/p>\n","protected":false},"author":99,"featured_media":0,"comment_status":"open","ping_status":"open","sticky":false,"template":"","format":"standard","meta":{"footnotes":""},"categories":[23],"tags":[],"class_list":["post-494172","post","type-post","status-publish","format-standard","hentry","category-latinoamerica"],"_links":{"self":[{"href":"https:\/\/diarioelpopular.com\/index.php\/wp-json\/wp\/v2\/posts\/494172","targetHints":{"allow":["GET"]}}],"collection":[{"href":"https:\/\/diarioelpopular.com\/index.php\/wp-json\/wp\/v2\/posts"}],"about":[{"href":"https:\/\/diarioelpopular.com\/index.php\/wp-json\/wp\/v2\/types\/post"}],"author":[{"embeddable":true,"href":"https:\/\/diarioelpopular.com\/index.php\/wp-json\/wp\/v2\/users\/99"}],"replies":[{"embeddable":true,"href":"https:\/\/diarioelpopular.com\/index.php\/wp-json\/wp\/v2\/comments?post=494172"}],"version-history":[{"count":1,"href":"https:\/\/diarioelpopular.com\/index.php\/wp-json\/wp\/v2\/posts\/494172\/revisions"}],"predecessor-version":[{"id":494174,"href":"https:\/\/diarioelpopular.com\/index.php\/wp-json\/wp\/v2\/posts\/494172\/revisions\/494174"}],"wp:attachment":[{"href":"https:\/\/diarioelpopular.com\/index.php\/wp-json\/wp\/v2\/media?parent=494172"}],"wp:term":[{"taxonomy":"category","embeddable":true,"href":"https:\/\/diarioelpopular.com\/index.php\/wp-json\/wp\/v2\/categories?post=494172"},{"taxonomy":"post_tag","embeddable":true,"href":"https:\/\/diarioelpopular.com\/index.php\/wp-json\/wp\/v2\/tags?post=494172"}],"curies":[{"name":"wp","href":"https:\/\/api.w.org\/{rel}","templated":true}]}}