{"id":494177,"date":"2020-10-02T09:29:23","date_gmt":"2020-10-02T13:29:23","guid":{"rendered":"https:\/\/diarioelpopular.com\/?p=494177"},"modified":"2020-10-02T09:29:23","modified_gmt":"2020-10-02T13:29:23","slug":"positivo-presidente-eeuu-donald-trump-y-melania","status":"publish","type":"post","link":"https:\/\/diarioelpopular.com\/index.php\/2020\/10\/02\/positivo-presidente-eeuu-donald-trump-y-melania\/","title":{"rendered":"Positivo presidente EEUU Donald Trump y Melania"},"content":{"rendered":"<div id=\"attachment_494178\" style=\"width: 160px\" class=\"wp-caption alignnone\"><img loading=\"lazy\" decoding=\"async\" aria-describedby=\"caption-attachment-494178\" class=\"size-thumbnail wp-image-494178\" src=\"https:\/\/diarioelpopular.com\/wp-content\/uploads\/2020\/10\/9ffa0f5aac656a69e63a0b195c8190fe-150x150.jpg\" alt=\"\" width=\"150\" height=\"150\" \/><p id=\"caption-attachment-494178\" class=\"wp-caption-text\"><em>Donald y Melania Trump (foto: EPA)<\/em><\/p><\/div>\n<h4><em><strong>Contagiados por consejera Hope Hicks<\/strong><\/em><\/h4>\n<p><em><strong>NEW YORK, 02 oct &#8211;<\/strong> <\/em>El presidente estadounidense, Donald Trump, y la primera Dama Melania dieron positivo al coronavirus, tuite\u00f3 el propio mandatario, afirmando que comenzaron la cuarentena y el proceso de curaci\u00f3n de inmediato.<br \/>\nAmbos est\u00e1n bien, dijo el m\u00e9dico de la Casa Blanca, precisando que Trump seguir\u00e1 con sus tareas &#8220;sin ninguna interrupci\u00f3n&#8221;.<br \/>\n&#8220;Como demasiados norteamericanos este a\u00f1o, tambi\u00e9n yo y el presidente de Estados Unidos estamos en cuarentena en casa tras dar positivo al test de Covid-19. Estamos bien y pospuse los compromisos previstos&#8221;, tuite\u00f3 tambi\u00e9n Melania Trump.<br \/>\nEl presidente cancel\u00f3 su viaje a Florida, previsto en el marco de la campa\u00f1a electoral.<br \/>\nTrump y su esposa se testearon despu\u00e9s de que diera positivo la consejera del presidente Hope Hicks, que seg\u00fan el corresponsal de la Casa Blanca de ABC &#8220;tiene s\u00edntomas y est\u00e1 mal&#8221;.<br \/>\nEl martes, Hicks hab\u00eda viajado con Trump, Melania y otros familiares del presidente para el debate televisivo con Joe Biden, y luego a Minnesota para el comicio electoral.<br \/>\nSeg\u00fan muchos expertos citados por los medios estadounidenses, Trump es de &#8220;alto riesgo&#8221; por su edad (74 a\u00f1os) y el sobrepeso. Para la epidemi\u00f3loga Anne Rimon, es un diagn\u00f3stico &#8220;muy preocupante&#8221;.<\/p>\n","protected":false},"excerpt":{"rendered":"<p>Contagiados por consejera Hope Hicks NEW YORK, 02 oct &#8211; El presidente estadounidense, Donald Trump, y la primera Dama Melania dieron positivo al coronavirus, tuite\u00f3&hellip;<\/p>\n","protected":false},"author":99,"featured_media":0,"comment_status":"open","ping_status":"open","sticky":false,"template":"","format":"standard","meta":{"footnotes":""},"categories":[11354,11191],"tags":[],"class_list":["post-494177","post","type-post","status-publish","format-standard","hentry","category-sucesos","category-top-news"],"_links":{"self":[{"href":"https:\/\/diarioelpopular.com\/index.php\/wp-json\/wp\/v2\/posts\/494177","targetHints":{"allow":["GET"]}}],"collection":[{"href":"https:\/\/diarioelpopular.com\/index.php\/wp-json\/wp\/v2\/posts"}],"about":[{"href":"https:\/\/diarioelpopular.com\/index.php\/wp-json\/wp\/v2\/types\/post"}],"author":[{"embeddable":true,"href":"https:\/\/diarioelpopular.com\/index.php\/wp-json\/wp\/v2\/users\/99"}],"replies":[{"embeddable":true,"href":"https:\/\/diarioelpopular.com\/index.php\/wp-json\/wp\/v2\/comments?post=494177"}],"version-history":[{"count":1,"href":"https:\/\/diarioelpopular.com\/index.php\/wp-json\/wp\/v2\/posts\/494177\/revisions"}],"predecessor-version":[{"id":494179,"href":"https:\/\/diarioelpopular.com\/index.php\/wp-json\/wp\/v2\/posts\/494177\/revisions\/494179"}],"wp:attachment":[{"href":"https:\/\/diarioelpopular.com\/index.php\/wp-json\/wp\/v2\/media?parent=494177"}],"wp:term":[{"taxonomy":"category","embeddable":true,"href":"https:\/\/diarioelpopular.com\/index.php\/wp-json\/wp\/v2\/categories?post=494177"},{"taxonomy":"post_tag","embeddable":true,"href":"https:\/\/diarioelpopular.com\/index.php\/wp-json\/wp\/v2\/tags?post=494177"}],"curies":[{"name":"wp","href":"https:\/\/api.w.org\/{rel}","templated":true}]}}