{"id":494183,"date":"2020-10-02T12:28:13","date_gmt":"2020-10-02T16:28:13","guid":{"rendered":"https:\/\/diarioelpopular.com\/?p=494183"},"modified":"2020-10-02T12:28:13","modified_gmt":"2020-10-02T16:28:13","slug":"caravana-de-migrantes-de-honduras-se-dirige-a-ee-uu-para-escapar-de-la-pobreza-inducida-por-la-pandemia","status":"publish","type":"post","link":"https:\/\/diarioelpopular.com\/index.php\/2020\/10\/02\/caravana-de-migrantes-de-honduras-se-dirige-a-ee-uu-para-escapar-de-la-pobreza-inducida-por-la-pandemia\/","title":{"rendered":"Caravana de migrantes de Honduras se dirige a EE.UU. para escapar de la pobreza inducida por la pandemia"},"content":{"rendered":"<div id=\"attachment_494184\" style=\"width: 646px\" class=\"wp-caption alignnone\"><img loading=\"lazy\" decoding=\"async\" aria-describedby=\"caption-attachment-494184\" class=\"size-custom-full-size wp-image-494184\" src=\"https:\/\/diarioelpopular.com\/wp-content\/uploads\/2020\/10\/201001115328-02-honduras-us-immigration-1001-exlarge-169-636x357.jpg\" alt=\"\" width=\"636\" height=\"357\" \/><p id=\"caption-attachment-494184\" class=\"wp-caption-text\"><em>Cientos de personas caminan por una carretera en San Pedro Sula el mi\u00e9rcoles.<\/em><\/p><\/div>\n<p><strong>Tegucigalpa, Honduras \u2014<\/strong> Cientos de hondure\u00f1os formaron una caravana que parti\u00f3 rumbo a Estados Unidos este mi\u00e9rcoles, seg\u00fan inform\u00f3 Reuters. Van en busca de mejores condiciones de vida, dado que el coronavirus ha matado a m\u00e1s de 2.000 personas y paralizado la econom\u00eda de la naci\u00f3n centroamericana, informaron medios locales.<span id=\"more-901463\"><\/span><\/p>\n<p>Los migrantes, en su mayor\u00eda hombres y mujeres j\u00f3venes que llevaban mochilas y ni\u00f1os peque\u00f1os, partieron de una terminal de buses en la ciudad norte\u00f1a de San Pedro Sula rumbo a la frontera con Guatemala, seg\u00fan la televisi\u00f3n local.<\/p>\n<p>\u00abMe voy con mi esposo y mis dos hijos. No hay trabajo aqu\u00ed. No hay nada que hacer. Y si encuentras trabajo solo te pagan 100 lempiras (US$ 4) al d\u00eda\u00bb, dijo una mujer que se identific\u00f3 como Cristina en el programa de televisi\u00f3n local Hoy Mismo.<\/p>\n<p>De acuerdo con Reuters, el grupo del mi\u00e9rcoles representa la primera caravana de migrantes que sale de Honduras en 2020. A medida que la naci\u00f3n sufre el mayor declive econ\u00f3mico registrado en su historia, despu\u00e9s de seis meses de estrictas medidas de bloqueo para frenar la propagaci\u00f3n del coronavirus.<\/p>\n<p>En octubre de 2018, el presidente de Estados Unidos, Donald Trump, orden\u00f3 enviar soldados a la frontera con M\u00e9xico. Esto, en respuesta a las caravanas de migrantes centroamericanos movi\u00e9ndose hacia el norte con direcci\u00f3n a EE.UU.<\/p>\n<p>Trump arremeti\u00f3 contra la inmigraci\u00f3n no autorizada en su exitosa campa\u00f1a presidencial de 2016. En 2018, afirm\u00f3 que los soldados eran necesarios para asegurar la frontera contra los migrantes.<\/p>\n<p>Pero, como inform\u00f3 Reuters, los cr\u00edticos dijeron que la medida fue un truco pol\u00edtico. Pues se desarroll\u00f3 en el per\u00edodo previo a las elecciones del Congreso de Estados Unidos en noviembre.<\/p>\n","protected":false},"excerpt":{"rendered":"<p>Tegucigalpa, Honduras \u2014 Cientos de hondure\u00f1os formaron una caravana que parti\u00f3 rumbo a Estados Unidos este mi\u00e9rcoles, seg\u00fan inform\u00f3 Reuters. Van en busca de mejores&hellip;<\/p>\n","protected":false},"author":99,"featured_media":0,"comment_status":"open","ping_status":"open","sticky":false,"template":"","format":"standard","meta":{"footnotes":""},"categories":[23],"tags":[],"class_list":["post-494183","post","type-post","status-publish","format-standard","hentry","category-latinoamerica"],"_links":{"self":[{"href":"https:\/\/diarioelpopular.com\/index.php\/wp-json\/wp\/v2\/posts\/494183","targetHints":{"allow":["GET"]}}],"collection":[{"href":"https:\/\/diarioelpopular.com\/index.php\/wp-json\/wp\/v2\/posts"}],"about":[{"href":"https:\/\/diarioelpopular.com\/index.php\/wp-json\/wp\/v2\/types\/post"}],"author":[{"embeddable":true,"href":"https:\/\/diarioelpopular.com\/index.php\/wp-json\/wp\/v2\/users\/99"}],"replies":[{"embeddable":true,"href":"https:\/\/diarioelpopular.com\/index.php\/wp-json\/wp\/v2\/comments?post=494183"}],"version-history":[{"count":1,"href":"https:\/\/diarioelpopular.com\/index.php\/wp-json\/wp\/v2\/posts\/494183\/revisions"}],"predecessor-version":[{"id":494185,"href":"https:\/\/diarioelpopular.com\/index.php\/wp-json\/wp\/v2\/posts\/494183\/revisions\/494185"}],"wp:attachment":[{"href":"https:\/\/diarioelpopular.com\/index.php\/wp-json\/wp\/v2\/media?parent=494183"}],"wp:term":[{"taxonomy":"category","embeddable":true,"href":"https:\/\/diarioelpopular.com\/index.php\/wp-json\/wp\/v2\/categories?post=494183"},{"taxonomy":"post_tag","embeddable":true,"href":"https:\/\/diarioelpopular.com\/index.php\/wp-json\/wp\/v2\/tags?post=494183"}],"curies":[{"name":"wp","href":"https:\/\/api.w.org\/{rel}","templated":true}]}}