{"id":494206,"date":"2020-10-03T12:15:41","date_gmt":"2020-10-03T16:15:41","guid":{"rendered":"https:\/\/diarioelpopular.com\/?p=494206"},"modified":"2020-10-03T12:15:41","modified_gmt":"2020-10-03T16:15:41","slug":"reporte-de-la-onu-muerte-y-mas-muerte","status":"publish","type":"post","link":"https:\/\/diarioelpopular.com\/index.php\/2020\/10\/03\/reporte-de-la-onu-muerte-y-mas-muerte\/","title":{"rendered":"Reporte de la ONU: muerte y m\u00e1s muerte"},"content":{"rendered":"<div id=\"attachment_494207\" style=\"width: 310px\" class=\"wp-caption alignnone\"><img loading=\"lazy\" decoding=\"async\" aria-describedby=\"caption-attachment-494207\" class=\"size-medium wp-image-494207\" src=\"https:\/\/diarioelpopular.com\/wp-content\/uploads\/2020\/10\/454e05b2763975606c37dddd9213b100-300x200.jpg\" alt=\"\" width=\"300\" height=\"200\" \/><p id=\"caption-attachment-494207\" class=\"wp-caption-text\"><em>Muertes de ex miembros de las FARC y l\u00edderes sociales. La ONU advierte de la situaci\u00f3n en Colombia .<\/em><\/p><\/div>\n<h4><em><strong>Hubo 42 masacres, 48 l\u00edderes asesinados y 50 exFARC acribillados<\/strong><\/em><\/h4>\n<p><em><strong>BOGOTA, 03 OCT &#8211;<\/strong><\/em> El tercer informe trimestral de la Misi\u00f3n de verificaci\u00f3n de la ONU para el acuerdo de paz en Colombia volvi\u00f3 a reiterar su preocupaci\u00f3n por las masacres y el elevado n\u00famero de asesinatos de ex combatientes de las terroristas FARC y l\u00edderes sociales a lo largo de este a\u00f1o.<br \/>\nEl reporte afirm\u00f3 que en 2020, un a\u00f1o signado por una pandemia y en el que se apel\u00f3 al encierro como protecci\u00f3n frente al Covid-19, se han perpetrado 42 masacres y verificado 48 asesinatos de l\u00edderes sociales y defensores de derechos humanos, mientras que 13 casos m\u00e1s que est\u00e1n bajo revisi\u00f3n.<br \/>\nLa violencia desplegada en el pa\u00eds tambi\u00e9n ha tocado a los antiguos guerrilleros de las FARC que hace cuatro a\u00f1os firmaron la paz. Al menos 50 homicidios contra ex combatientes se han contabilizado entre enero y septiembre, dijo el estudio.<br \/>\n&#8220;La violencia incesante contra ex combatientes sigue afectando la consolidaci\u00f3n de la paz. El Informe destaca que la Misi\u00f3n verific\u00f3 19 asesinatos de excombatientes (todos hombres) durante este per\u00edodo, para un total de 50 (2 mujeres) en 2020&#8221;, precis\u00f3 el reporte de ONU.<br \/>\nAgreg\u00f3 que desde la firma del tratado de pacificaci\u00f3n fueron asesinados 224 exFARC, 20 m\u00e1s desaparecieron, hubo 53 intentos de homicidio y 297 ataques.<br \/>\nLas cifras divulgadas por la Misi\u00f3n de Naciones Unidas son conservadoras frente a las estad\u00edsticas que manejan organizaciones no gubernamentales locales como Indepaz que registr\u00f3 hasta hoy un total de 65 masacres, en las que 260 personas perdieron la vida.<br \/>\nAdem\u00e1s de un listado con nombres y fechas de 221 homicidios de defensores regionales de las libertades y de 47 ex combatientes acribillados durante este a\u00f1o.<br \/>\nLas diferencias entre unas cifras y otras est\u00e1n en la comprobaci\u00f3n que realiza la Misi\u00f3n para determinar con certeza si las v\u00edctimas en efecto ejerc\u00edan liderazgo social o eran defensores de derechos humanos.<br \/>\nMientras que Indepaz, un centro de investigaci\u00f3n con m\u00e1s de tres d\u00e9cadas de an\u00e1lisis del conflicto armado interno, precisa que sus datos son recopilados en terreno y con base la informaci\u00f3n que recauda con fuentes confiables.<br \/>\nEn su informe, que ser\u00e1 presentado el pr\u00f3ximo 14 de octubre por el secretario general de la ONU al Consejo de Seguridad, la Misi\u00f3n de Verificaci\u00f3n explic\u00f3 que tantos las masacres como los cr\u00edmenes de l\u00edderes sociales ocurrieron en &#8220;zonas con escasa presencia estatal, altos niveles de pobreza, econom\u00edas il\u00edcitas y disputas entre grupos armados ilegales&#8221;.<br \/>\nAdem\u00e1s record\u00f3 que en varias de las zonas donde ocurrieron esos cr\u00edmenes se registraron &#8220;alertas tempranas&#8221; por parte de la Defensor\u00eda del Pueblo, que operan como una suerte de aviso anticipado sobre el riesgo de eventuales ataques a la poblaci\u00f3n.<br \/>\nFrente a esa situaci\u00f3n, el secretario general de la ONU inst\u00f3 a todos los involucrados del Estado y que conocen de estas alertas tempranas para que respondan sobre los &#8220;riesgos identificados&#8221; y act\u00faen frente a sus &#8220;recomendaciones&#8221;.<br \/>\nEmilio Archila, consejero presidencial para la estabilizaci\u00f3n y la consolidaci\u00f3n, dijo que el gobierno hacia &#8220;eco&#8221; de los &#8220;aportes&#8221; hechos por la Misi\u00f3n en su informe trimestral respecto de los &#8220;esfuerzos y las acciones que se necesitan para la protecci\u00f3n de los excombatientes FARC&#8221;.<br \/>\n&#8220;Frecuentemente actualizamos las medidas de protecci\u00f3n al tiempo que fortalecemos las acciones en la lucha contra el narcotr\u00e1fico, los grupos criminales y las econom\u00edas ilegales&#8221;, a\u00f1adi\u00f3 el consejero, que se manifest\u00f3 satisfecho por los aspectos que el informe destac\u00f3 respecto a la consolidaci\u00f3n del tratado de paz y la labor del gobierno en ese sentido.<br \/>\nHace una semana, el Consejo de Seguridad de Naciones Unidas decidi\u00f3 por unanimidad extender por un a\u00f1o m\u00e1s la presencia de la Misi\u00f3n de Verificaci\u00f3n para el acuerdo de paz local.<\/p>\n","protected":false},"excerpt":{"rendered":"<p>Hubo 42 masacres, 48 l\u00edderes asesinados y 50 exFARC acribillados BOGOTA, 03 OCT &#8211; El tercer informe trimestral de la Misi\u00f3n de verificaci\u00f3n de la&hellip;<\/p>\n","protected":false},"author":99,"featured_media":0,"comment_status":"open","ping_status":"open","sticky":false,"template":"","format":"standard","meta":{"footnotes":""},"categories":[23],"tags":[],"class_list":["post-494206","post","type-post","status-publish","format-standard","hentry","category-latinoamerica"],"_links":{"self":[{"href":"https:\/\/diarioelpopular.com\/index.php\/wp-json\/wp\/v2\/posts\/494206","targetHints":{"allow":["GET"]}}],"collection":[{"href":"https:\/\/diarioelpopular.com\/index.php\/wp-json\/wp\/v2\/posts"}],"about":[{"href":"https:\/\/diarioelpopular.com\/index.php\/wp-json\/wp\/v2\/types\/post"}],"author":[{"embeddable":true,"href":"https:\/\/diarioelpopular.com\/index.php\/wp-json\/wp\/v2\/users\/99"}],"replies":[{"embeddable":true,"href":"https:\/\/diarioelpopular.com\/index.php\/wp-json\/wp\/v2\/comments?post=494206"}],"version-history":[{"count":1,"href":"https:\/\/diarioelpopular.com\/index.php\/wp-json\/wp\/v2\/posts\/494206\/revisions"}],"predecessor-version":[{"id":494208,"href":"https:\/\/diarioelpopular.com\/index.php\/wp-json\/wp\/v2\/posts\/494206\/revisions\/494208"}],"wp:attachment":[{"href":"https:\/\/diarioelpopular.com\/index.php\/wp-json\/wp\/v2\/media?parent=494206"}],"wp:term":[{"taxonomy":"category","embeddable":true,"href":"https:\/\/diarioelpopular.com\/index.php\/wp-json\/wp\/v2\/categories?post=494206"},{"taxonomy":"post_tag","embeddable":true,"href":"https:\/\/diarioelpopular.com\/index.php\/wp-json\/wp\/v2\/tags?post=494206"}],"curies":[{"name":"wp","href":"https:\/\/api.w.org\/{rel}","templated":true}]}}