{"id":494269,"date":"2020-10-06T16:55:40","date_gmt":"2020-10-06T20:55:40","guid":{"rendered":"https:\/\/diarioelpopular.com\/?p=494269"},"modified":"2020-10-06T16:55:40","modified_gmt":"2020-10-06T20:55:40","slug":"argentina-apoyara-trabajo-de-bachelet-por-ddhh","status":"publish","type":"post","link":"https:\/\/diarioelpopular.com\/index.php\/2020\/10\/06\/argentina-apoyara-trabajo-de-bachelet-por-ddhh\/","title":{"rendered":"Argentina apoyar\u00e1 trabajo de Bachelet por DDHH"},"content":{"rendered":"<div id=\"attachment_494270\" style=\"width: 310px\" class=\"wp-caption alignnone\"><img loading=\"lazy\" decoding=\"async\" aria-describedby=\"caption-attachment-494270\" class=\"size-medium wp-image-494270\" src=\"https:\/\/diarioelpopular.com\/wp-content\/uploads\/2020\/10\/c0bcfaa07f494fe72a34402bba4aa0b4-300x200.jpg\" alt=\"\" width=\"300\" height=\"200\" \/><p id=\"caption-attachment-494270\" class=\"wp-caption-text\"><em>Michelle Bachelet<\/em><\/p><\/div>\n<p><em><strong>BUENOS AIRES 6 OCT &#8211;<\/strong> <\/em>El gobierno argentino cambi\u00f3 de posici\u00f3n y anunci\u00f3 hoy que &#8220;apoyar\u00e1 con fuerza&#8221; el trabajo realizado por la Alta Comisionada de las Naciones Unidas para los Derechos Humanos, Michelle Bachelet, sobre la situaci\u00f3n en Venezuela bajo el mandato del presidente Nicol\u00e1s Maduro.<br \/>\nUn comunicado difundido hoy afirma que el presidente Alberto Fern\u00e1ndez &#8220;dio instrucciones a la Canciller\u00eda sobre la posici\u00f3n a fijar por la representaci\u00f3n argentina en Ginebra ante los proyectos de resoluci\u00f3n en relaci\u00f3n con la situaci\u00f3n en Venezuela que se tratar\u00e1n en la reuni\u00f3n del Consejo de Derechos Humanos de la ONU&#8221;.<br \/>\n&#8220;Nuestro pa\u00eds -afirma el comunicado- mantendr\u00e1 su liderazgo en la defensa global de los derechos humanos y sostendr\u00e1 los principios de paz y resoluci\u00f3n pol\u00edtica de la crisis venezolana&#8221;.<br \/>\n&#8220;Asimismo, valorar\u00e1 y apoyar\u00e1 con fuerza el trabajo realizado por la Alta Comisionada de las Naciones Unidas Michelle Bachelet. En ese marco, instamos al gobierno de la Rep\u00fablica Bolivariana de Venezuela a cooperar plenamente con el Consejo y todos sus mecanismos, y a implementar \u00edntegramente las recomendaciones hechas por la Alta Comisionada en sus informes&#8221;.<br \/>\nEl gobierno argentino se suma al llamado de la ONU para que el gobierno venezolano &#8220;conduzca investigaciones prontas, exhaustivas, independientes, imparciales y transparentes sobre las alegaciones de violaciones a los derechos humanos, lleve a los perpetradores ante la justicia y garantice una reparaci\u00f3n adecuada a las v\u00edctimas&#8221;.<br \/>\n&#8220;La Rep\u00fablica Argentina destacar\u00e1 a trav\u00e9s de sus representantes en el Consejo, la necesidad de reforzar la instalaci\u00f3n de una misi\u00f3n permanente de la Alta Comisionada en Caracas, dotada de los recursos humanos y de los elementos que le permitan desplegar una acci\u00f3n remedial frente a dichas circunstancias y contribuir a encaminar soluciones apropiadas, liderando actuaciones complementarias que pueda estimar convenientes para tal prop\u00f3sito&#8221;.<br \/>\n&#8220;El di\u00e1logo y la cooperaci\u00f3n con las autoridades, las respuestas eficaces a las exhortaciones manifestadas en los diferentes informes, sumados a los mecanismos de protecci\u00f3n esenciales, son fundamentales para revertir la actual situaci\u00f3n en derechos humanos en Venezuela&#8221;, agrega el comunicado.<br \/>\n&#8220;Son las autoridades venezolanas -precisa- las responsables de respetar sus obligaciones internacionales de derechos humanos, as\u00ed como de garantizar la paz social y la estabilidad pol\u00edtica, lo cual resulta a\u00fan m\u00e1s necesario cuando se encara un proceso electoral&#8221;.<br \/>\nEntretanto el presidente Fern\u00e1ndez &#8220;sostuvo una vez m\u00e1s que deben condenarse los bloqueos y las sanciones que, pretendiendo presionar a las autoridades, agreden especialmente al pueblo venezolano y contribuyen a un sufrimiento a\u00fan mayor del mismo, dada la grave situaci\u00f3n econ\u00f3mica y social en la que se encuentra&#8221;.<br \/>\nD\u00edas atr\u00e1s el representante argentino ante la Organizaci\u00f3n de Estados Americanos (OEA), Carlos Raimundi, hab\u00eda dicho que Venezuela &#8220;sufri\u00f3 un fuerte asedio de intervencionismo&#8221; y que la apreciaci\u00f3n sobre las violaciones a los derechos humanos eran &#8220;sesgadas&#8221;.<\/p>\n","protected":false},"excerpt":{"rendered":"<p>BUENOS AIRES 6 OCT &#8211; El gobierno argentino cambi\u00f3 de posici\u00f3n y anunci\u00f3 hoy que &#8220;apoyar\u00e1 con fuerza&#8221; el trabajo realizado por la Alta Comisionada&hellip;<\/p>\n","protected":false},"author":99,"featured_media":0,"comment_status":"open","ping_status":"open","sticky":false,"template":"","format":"standard","meta":{"footnotes":""},"categories":[23],"tags":[],"class_list":["post-494269","post","type-post","status-publish","format-standard","hentry","category-latinoamerica"],"_links":{"self":[{"href":"https:\/\/diarioelpopular.com\/index.php\/wp-json\/wp\/v2\/posts\/494269","targetHints":{"allow":["GET"]}}],"collection":[{"href":"https:\/\/diarioelpopular.com\/index.php\/wp-json\/wp\/v2\/posts"}],"about":[{"href":"https:\/\/diarioelpopular.com\/index.php\/wp-json\/wp\/v2\/types\/post"}],"author":[{"embeddable":true,"href":"https:\/\/diarioelpopular.com\/index.php\/wp-json\/wp\/v2\/users\/99"}],"replies":[{"embeddable":true,"href":"https:\/\/diarioelpopular.com\/index.php\/wp-json\/wp\/v2\/comments?post=494269"}],"version-history":[{"count":1,"href":"https:\/\/diarioelpopular.com\/index.php\/wp-json\/wp\/v2\/posts\/494269\/revisions"}],"predecessor-version":[{"id":494271,"href":"https:\/\/diarioelpopular.com\/index.php\/wp-json\/wp\/v2\/posts\/494269\/revisions\/494271"}],"wp:attachment":[{"href":"https:\/\/diarioelpopular.com\/index.php\/wp-json\/wp\/v2\/media?parent=494269"}],"wp:term":[{"taxonomy":"category","embeddable":true,"href":"https:\/\/diarioelpopular.com\/index.php\/wp-json\/wp\/v2\/categories?post=494269"},{"taxonomy":"post_tag","embeddable":true,"href":"https:\/\/diarioelpopular.com\/index.php\/wp-json\/wp\/v2\/tags?post=494269"}],"curies":[{"name":"wp","href":"https:\/\/api.w.org\/{rel}","templated":true}]}}