{"id":494276,"date":"2020-10-07T16:01:31","date_gmt":"2020-10-07T20:01:31","guid":{"rendered":"https:\/\/diarioelpopular.com\/?p=494276"},"modified":"2020-10-07T16:01:31","modified_gmt":"2020-10-07T20:01:31","slug":"vota-condena-ddhh-genera-polemica","status":"publish","type":"post","link":"https:\/\/diarioelpopular.com\/index.php\/2020\/10\/07\/vota-condena-ddhh-genera-polemica\/","title":{"rendered":"Vota condena DDHH genera pol\u00e9mica"},"content":{"rendered":"<div id=\"attachment_494277\" style=\"width: 310px\" class=\"wp-caption alignnone\"><img loading=\"lazy\" decoding=\"async\" aria-describedby=\"caption-attachment-494277\" class=\"size-medium wp-image-494277\" src=\"https:\/\/diarioelpopular.com\/wp-content\/uploads\/2020\/10\/0cdc389c091576a25f9deb245205f38d-300x200.jpg\" alt=\"\" width=\"300\" height=\"200\" \/><p id=\"caption-attachment-494277\" class=\"wp-caption-text\"><em>Presidente de Argentina, Alberto Fern\u00e1ndez. (foto: EPA)<\/em><\/p><\/div>\n<p><em><strong>BUENOS AIRES 7 OCT &#8211;<\/strong> <\/em>El gobierno argentino vot\u00f3 a favor de una resoluci\u00f3n de las Naciones Unidas que condena la situaci\u00f3n de los derechos humanos en Venezuela, en sinton\u00eda con el informe elaborado por la alta comisionada, la chilena Michelle Bachelet, lo que gener\u00f3 controversias al interior del frente pol\u00edtico que encabeza el mandatario Alberto Fern\u00e1ndez.<br \/>\nPor ese motivo, de hecho, la exdiputada Alicia Castro renunci\u00f3 a su postulaci\u00f3n como embajadora argentina en Rusia.<br \/>\nCastro manifest\u00f3 su desacuerdo con la pol\u00edtica de Relaciones Exteriores, luego de la condena a Venezuela ante el Consejo de Derechos Humanos de Naciones Unidas (ONU).<br \/>\nEn un comunicado, la Canciller\u00eda argentina detall\u00f3 que las posiciones adoptadas durante la reuni\u00f3n de este martes del Consejo de Derechos Humanos de la ONU en Ginebra fueron por instrucci\u00f3n expresa de Fern\u00e1ndez.<br \/>\nAdem\u00e1s de votar a favor de la instalaci\u00f3n de una misi\u00f3n permanente de Naciones Unidas en Caracas y de investigar las denuncias de las presuntas v\u00edctimas, Argentina tambi\u00e9n expres\u00f3 su rechazo a los &#8220;bloqueos y sanciones&#8221; que &#8220;agreden especialmente al pueblo venezolano&#8221;.<br \/>\nLa posici\u00f3n del gobierno argentino, que respalda el informe actualizado el 25 de septiembre pasado, donde se volvi\u00f3 a hablar de ejecuciones extrajudiciales y se reclam\u00f3 el desmantelamiento de las Fuerzas de Acci\u00f3n Especiales (FAES) de la Polic\u00eda Bolivariana, fue interpretada por sectores de izquierda como un retroceso de la pol\u00edtica exterior argentina.<br \/>\nY eso porque se asocia a Argentina a &#8220;la ofensiva de Estados Unidos&#8221; contra el pueblo venezolano.<br \/>\nTambi\u00e9n esos sectores lo vinculan con el inicio de la misi\u00f3n en el pa\u00eds el Fondo Monetario Internacional para renegociar la deuda (FMI), en cuyo directorio juega un papel decisivo Estados Unidos.<br \/>\nAlicia Castro escribi\u00f3 una carta justificando su renuncia y sostuvo la decisi\u00f3n del gobierno &#8220;constituye un dram\u00e1tico giro en nuestra pol\u00edtica exterior y no difiere en absoluto de lo que hubiera votado el gobierno de (Mauricio) Macri&#8221;.<br \/>\nSin embargo, anticip\u00f3 que no dejar\u00e1 &#8220;el Frente de Todos y Todas&#8221;, la alianza peronista que conduce Alberto Fern\u00e1ndez y que incluye sectores heterog\u00e9neos del arco pol\u00edtico, entre ellos, el que responde a la vicepresidenta Cristina Fern\u00e1ndez y en el que se referencia Alicia Castro, exrepresentante en Caracas.<\/p>\n","protected":false},"excerpt":{"rendered":"<p>BUENOS AIRES 7 OCT &#8211; El gobierno argentino vot\u00f3 a favor de una resoluci\u00f3n de las Naciones Unidas que condena la situaci\u00f3n de los derechos&hellip;<\/p>\n","protected":false},"author":99,"featured_media":0,"comment_status":"open","ping_status":"open","sticky":false,"template":"","format":"standard","meta":{"footnotes":""},"categories":[23],"tags":[],"class_list":["post-494276","post","type-post","status-publish","format-standard","hentry","category-latinoamerica"],"_links":{"self":[{"href":"https:\/\/diarioelpopular.com\/index.php\/wp-json\/wp\/v2\/posts\/494276","targetHints":{"allow":["GET"]}}],"collection":[{"href":"https:\/\/diarioelpopular.com\/index.php\/wp-json\/wp\/v2\/posts"}],"about":[{"href":"https:\/\/diarioelpopular.com\/index.php\/wp-json\/wp\/v2\/types\/post"}],"author":[{"embeddable":true,"href":"https:\/\/diarioelpopular.com\/index.php\/wp-json\/wp\/v2\/users\/99"}],"replies":[{"embeddable":true,"href":"https:\/\/diarioelpopular.com\/index.php\/wp-json\/wp\/v2\/comments?post=494276"}],"version-history":[{"count":1,"href":"https:\/\/diarioelpopular.com\/index.php\/wp-json\/wp\/v2\/posts\/494276\/revisions"}],"predecessor-version":[{"id":494278,"href":"https:\/\/diarioelpopular.com\/index.php\/wp-json\/wp\/v2\/posts\/494276\/revisions\/494278"}],"wp:attachment":[{"href":"https:\/\/diarioelpopular.com\/index.php\/wp-json\/wp\/v2\/media?parent=494276"}],"wp:term":[{"taxonomy":"category","embeddable":true,"href":"https:\/\/diarioelpopular.com\/index.php\/wp-json\/wp\/v2\/categories?post=494276"},{"taxonomy":"post_tag","embeddable":true,"href":"https:\/\/diarioelpopular.com\/index.php\/wp-json\/wp\/v2\/tags?post=494276"}],"curies":[{"name":"wp","href":"https:\/\/api.w.org\/{rel}","templated":true}]}}