{"id":494343,"date":"2020-10-11T16:37:05","date_gmt":"2020-10-11T20:37:05","guid":{"rendered":"https:\/\/diarioelpopular.com\/?p=494343"},"modified":"2020-10-11T16:37:05","modified_gmt":"2020-10-11T20:37:05","slug":"piden-observadores-temen-represion","status":"publish","type":"post","link":"https:\/\/diarioelpopular.com\/index.php\/2020\/10\/11\/piden-observadores-temen-represion\/","title":{"rendered":"Piden observadores, temen represi\u00f3n"},"content":{"rendered":"<div id=\"attachment_494344\" style=\"width: 310px\" class=\"wp-caption alignnone\"><img loading=\"lazy\" decoding=\"async\" aria-describedby=\"caption-attachment-494344\" class=\"size-medium wp-image-494344\" src=\"https:\/\/diarioelpopular.com\/wp-content\/uploads\/2020\/10\/c5f88037131c3aa8d81693890c58228a-300x200.jpg\" alt=\"\" width=\"300\" height=\"200\" \/><p id=\"caption-attachment-494344\" class=\"wp-caption-text\"><em>Escena de la represi\u00f3n en Santiago de Chile, durante la protesta social.<\/em><\/p><\/div>\n<h4><em><strong>Se cumple aniversario de revuelta social e hist\u00f3rico Plebiscito<\/strong><\/em><\/h4>\n<p><em><strong>SANTIAGO DEL CHILE, 11 OCT &#8211;<\/strong><\/em> El exjuez espa\u00f1ol Baltazar Garz\u00f3n y la Comisi\u00f3n Chilena de Derechos Humanos solicitaron a la Alta Comisionada de Naciones Unidas, Michelle Bachelet, env\u00ede &#8220;urgente&#8221; una misi\u00f3n de observadores a Chile entre el 16 y 26 de octubre.<br \/>\nEl 18 de octubre es el primer aniversario de la revuelta social, que no s\u00f3lo provoc\u00f3 una fuerte crisis del gobierno de Sebasti\u00e1n Pi\u00f1era sino que estremeci\u00f3 las bases de la democracia consensuada que surgi\u00f3 tras la derrota de la dictadura (1973-1990).<br \/>\nUna semana despu\u00e9s tendr\u00e1 lugar el hist\u00f3rico Plebiscito que consultar\u00e1 por primera vez a los chilenos si quieren o no cambiar la Constituci\u00f3n de 1980 heredada del r\u00e9gimen que encabez\u00f3 Augusto Pinochet.<br \/>\nLa carta cuenta con el respaldo de la Asociaci\u00f3n de Juristas Dem\u00f3cratas Italianos, la Asociaci\u00f3n Americana de Juristas (AAJ), y el Grupo de Intervenci\u00f3n Jur\u00eddica Internacional (GIGI).<br \/>\nEn la misiva mencionan que la represi\u00f3n desde el inicio del denominado &#8220;estallido social&#8221;, el a\u00f1o pasado, &#8220;ha dejado un saldo de miles de detenidos, cientos de lesionados oculares y decenas de denuncias de tortura, incluidas agresiones sexuales a mujeres y ni\u00f1as, as\u00ed como muertos y desaparecidos, todos los cuales han sido documentados por distintos organismos y organizaciones chilenas e internacionales, incluyendo una delegaci\u00f3n de la propia Alta Comisionada&#8221;.<br \/>\nAfirman en la carta, fechada en Madrid y Santiago y firmada por Garz\u00f3n (presidente de Fibgar) y Carlos Margotta, presidente de la CCHDDHH, que &#8220;tras el receso provocado por la pandemia, seg\u00fan se inform\u00f3 p\u00fablicamente, Carabineros de Chile habr\u00eda revisado y adecuado sus protocolos de actuaci\u00f3n&#8221;.<br \/>\nSin embargo, agregan, &#8220;a pesar de los anuncios, lo cierto es que los mismos responsables de conducir a la polic\u00eda uniformada del pa\u00eds, durante todo este tiempo, en particular el director general Mario Rozas, contin\u00faa al mando de la instituci\u00f3n, con una pol\u00edtica de respaldo irrestricto a sus subalternos, generando una sensaci\u00f3n de protecci\u00f3n y favorecimiento de violaciones de derechos humanos&#8221;.<br \/>\n&#8220;Tanto es as\u00ed que siguen las denuncias de disparos de perdigones y bombas lacrim\u00f3genas disparadas en contra de la poblaci\u00f3n civil por parte de la polic\u00eda, como adem\u00e1s, un homicidio frustrado provocado por un funcionario policial que arroj\u00f3 a un menor de edad al lecho del R\u00edo Mapocho, el pasado viernes 2 de octubre&#8221;, describen.<br \/>\nLos firmantes solicitan a la Alta Comisionada ONU que la misi\u00f3n de observadores de derechos humanos pueda, de manera preventiva, desplazarse por el pa\u00eds, &#8220;informando, observando y supervisando la actuaci\u00f3n de la polic\u00eda por 10 d\u00edas, desde el 16 al 26 de octubre de 2020&#8221;.<br \/>\n&#8220;La prevenci\u00f3n parece ser fundamental en el presente caso, pues tenemos razones fundadas para temer un nuevo derramamiento de sangre en un pa\u00eds que ya fue brutalmente castigado en dictadura, como tambi\u00e9n recientemente en la represi\u00f3n de manifestantes que piden una Nueva Constituci\u00f3n, un pacto social, verdad, justicia y sobre todo dignidad&#8221;, concluye la carta enviada a Michelle Bachelet, quien fuera dos veces presidenta de Chile (2006-2010, 2014-2018).<\/p>\n","protected":false},"excerpt":{"rendered":"<p>Se cumple aniversario de revuelta social e hist\u00f3rico Plebiscito SANTIAGO DEL CHILE, 11 OCT &#8211; El exjuez espa\u00f1ol Baltazar Garz\u00f3n y la Comisi\u00f3n Chilena de&hellip;<\/p>\n","protected":false},"author":99,"featured_media":0,"comment_status":"open","ping_status":"open","sticky":false,"template":"","format":"standard","meta":{"footnotes":""},"categories":[23],"tags":[],"class_list":["post-494343","post","type-post","status-publish","format-standard","hentry","category-latinoamerica"],"_links":{"self":[{"href":"https:\/\/diarioelpopular.com\/index.php\/wp-json\/wp\/v2\/posts\/494343","targetHints":{"allow":["GET"]}}],"collection":[{"href":"https:\/\/diarioelpopular.com\/index.php\/wp-json\/wp\/v2\/posts"}],"about":[{"href":"https:\/\/diarioelpopular.com\/index.php\/wp-json\/wp\/v2\/types\/post"}],"author":[{"embeddable":true,"href":"https:\/\/diarioelpopular.com\/index.php\/wp-json\/wp\/v2\/users\/99"}],"replies":[{"embeddable":true,"href":"https:\/\/diarioelpopular.com\/index.php\/wp-json\/wp\/v2\/comments?post=494343"}],"version-history":[{"count":1,"href":"https:\/\/diarioelpopular.com\/index.php\/wp-json\/wp\/v2\/posts\/494343\/revisions"}],"predecessor-version":[{"id":494345,"href":"https:\/\/diarioelpopular.com\/index.php\/wp-json\/wp\/v2\/posts\/494343\/revisions\/494345"}],"wp:attachment":[{"href":"https:\/\/diarioelpopular.com\/index.php\/wp-json\/wp\/v2\/media?parent=494343"}],"wp:term":[{"taxonomy":"category","embeddable":true,"href":"https:\/\/diarioelpopular.com\/index.php\/wp-json\/wp\/v2\/categories?post=494343"},{"taxonomy":"post_tag","embeddable":true,"href":"https:\/\/diarioelpopular.com\/index.php\/wp-json\/wp\/v2\/tags?post=494343"}],"curies":[{"name":"wp","href":"https:\/\/api.w.org\/{rel}","templated":true}]}}