{"id":494360,"date":"2020-10-14T20:04:22","date_gmt":"2020-10-15T00:04:22","guid":{"rendered":"https:\/\/diarioelpopular.com\/?p=494360"},"modified":"2020-10-14T20:04:22","modified_gmt":"2020-10-15T00:04:22","slug":"agenda-creible-contra-crisis","status":"publish","type":"post","link":"https:\/\/diarioelpopular.com\/index.php\/2020\/10\/14\/agenda-creible-contra-crisis\/","title":{"rendered":"Agenda cre\u00edble contra crisis"},"content":{"rendered":"<div id=\"attachment_494361\" style=\"width: 310px\" class=\"wp-caption alignnone\"><img loading=\"lazy\" decoding=\"async\" aria-describedby=\"caption-attachment-494361\" class=\"size-medium wp-image-494361\" src=\"https:\/\/diarioelpopular.com\/wp-content\/uploads\/2020\/10\/3ba7f3c994cc99ad191e7f5f960a7aa7-300x200.jpg\" alt=\"\" width=\"300\" height=\"200\" \/><p id=\"caption-attachment-494361\" class=\"wp-caption-text\"><em>Kristalina Georgieva. (foto: EPA)<\/em><\/p><\/div>\n<p><em><strong>WASHINGTON, 14 OCT &#8211;<\/strong> <\/em>Argentina se halla en un punto en el que &#8220;en la cima de las prioridades debe hallarse la aplicaci\u00f3n de una agenda econ\u00f3mica cre\u00edble y completa que rubrique la ayuda a la econom\u00eda y a las personas en estos dif\u00edciles tiempos para asegurar una estabilidad macroecon\u00f3mica&#8221;, declar\u00f3 la directora del Fondo Monetario Internacional (FMI), Kristalina Georgieva durante una conferencia de prensa hoy en Washington.<br \/>\n&#8220;Argentina debe afrontar desaf\u00edos muy dram\u00e1ticos. El pa\u00eds se encuentra en una profunda recesi\u00f3n, empeoran las condiciones sociales, crecen los desequilibrios econ\u00f3micos, se ampl\u00eda la brecha entre el cambio oficial y otras tasas de cambio&#8221;, subray\u00f3 Georgieva.<br \/>\n&#8220;La tarea m\u00e1s importante para el pa\u00eds es de tener una hoja de ruta en la direcci\u00f3n a seguir y c\u00f3mo saber que estamos arribando a destino&#8221;, explic\u00f3 la directora del FMI.<br \/>\nGeorgieva asever\u00f3 que la instituci\u00f3n continuar\u00e1 colaborando con Buenos Aires. &#8220;Estamos all\u00ed, en Argentina, la misi\u00f3n volver\u00e1 en noviembre. Queremos ser socios de Argentina. Tenemos la determinaci\u00f3n pol\u00edtica de sacar a flote al pa\u00eds de aquello que hist\u00f3ricamente fueron ciclos de boom y crisis&#8221;.<br \/>\nEl martes se difundieron los datos del World Economic Outlook del FMI, donde la instituci\u00f3n previ\u00f3 que Argentina registrar\u00e1 una baja de su actividad econ\u00f3mica del 11,8% para este a\u00f1o y una recuperaci\u00f3n del 4,9% para 2021.<\/p>\n","protected":false},"excerpt":{"rendered":"<p>WASHINGTON, 14 OCT &#8211; Argentina se halla en un punto en el que &#8220;en la cima de las prioridades debe hallarse la aplicaci\u00f3n de una&hellip;<\/p>\n","protected":false},"author":99,"featured_media":0,"comment_status":"open","ping_status":"open","sticky":false,"template":"","format":"standard","meta":{"footnotes":""},"categories":[23],"tags":[],"class_list":["post-494360","post","type-post","status-publish","format-standard","hentry","category-latinoamerica"],"_links":{"self":[{"href":"https:\/\/diarioelpopular.com\/index.php\/wp-json\/wp\/v2\/posts\/494360","targetHints":{"allow":["GET"]}}],"collection":[{"href":"https:\/\/diarioelpopular.com\/index.php\/wp-json\/wp\/v2\/posts"}],"about":[{"href":"https:\/\/diarioelpopular.com\/index.php\/wp-json\/wp\/v2\/types\/post"}],"author":[{"embeddable":true,"href":"https:\/\/diarioelpopular.com\/index.php\/wp-json\/wp\/v2\/users\/99"}],"replies":[{"embeddable":true,"href":"https:\/\/diarioelpopular.com\/index.php\/wp-json\/wp\/v2\/comments?post=494360"}],"version-history":[{"count":1,"href":"https:\/\/diarioelpopular.com\/index.php\/wp-json\/wp\/v2\/posts\/494360\/revisions"}],"predecessor-version":[{"id":494362,"href":"https:\/\/diarioelpopular.com\/index.php\/wp-json\/wp\/v2\/posts\/494360\/revisions\/494362"}],"wp:attachment":[{"href":"https:\/\/diarioelpopular.com\/index.php\/wp-json\/wp\/v2\/media?parent=494360"}],"wp:term":[{"taxonomy":"category","embeddable":true,"href":"https:\/\/diarioelpopular.com\/index.php\/wp-json\/wp\/v2\/categories?post=494360"},{"taxonomy":"post_tag","embeddable":true,"href":"https:\/\/diarioelpopular.com\/index.php\/wp-json\/wp\/v2\/tags?post=494360"}],"curies":[{"name":"wp","href":"https:\/\/api.w.org\/{rel}","templated":true}]}}