{"id":494363,"date":"2020-10-14T20:06:13","date_gmt":"2020-10-15T00:06:13","guid":{"rendered":"https:\/\/diarioelpopular.com\/?p=494363"},"modified":"2020-10-14T20:06:13","modified_gmt":"2020-10-15T00:06:13","slug":"demoledor-informe-sobre-exceso-policial","status":"publish","type":"post","link":"https:\/\/diarioelpopular.com\/index.php\/2020\/10\/14\/demoledor-informe-sobre-exceso-policial\/","title":{"rendered":"Demoledor informe sobre exceso policial"},"content":{"rendered":"<div id=\"attachment_494364\" style=\"width: 310px\" class=\"wp-caption alignnone\"><img loading=\"lazy\" decoding=\"async\" aria-describedby=\"caption-attachment-494364\" class=\"size-medium wp-image-494364\" src=\"https:\/\/diarioelpopular.com\/wp-content\/uploads\/2020\/10\/e3c3502139be318863c4b9d9f6d8e2ed-300x160.jpg\" alt=\"\" width=\"300\" height=\"160\" \/><p id=\"caption-attachment-494364\" class=\"wp-caption-text\">Manifestantes con un cartel de AI en Chile (imagen publicada en las redes sociales).<\/p><\/div>\n<p><em><strong>SANTIAGO DE CHILE, 14 OCT &#8211;<\/strong> <\/em>Amnist\u00eda Internacional (AI) entreg\u00f3 hoy un demoledor informe sobre la violencia policial en Chile durante las manifestaciones por el estallido social del 18 de octubre de 2019.<br \/>\nEl organismo recopil\u00f3 antecedentes sobre las violaciones a los derechos humanos desde el 18 de octubre hasta el 30 de noviembre, periodo en el cual registran graves lesiones causadas a diario con la munici\u00f3n disparada con escopetas, o con bombas lacrim\u00f3genas, entre ellas trauma ocular, cuya cifra ascendi\u00f3 a 347 casos.<br \/>\nEl estudio de 110 p\u00e1ginas Ojos sobre Chile: Violencia policial y responsabilidad de mando durante el estallido social concluy\u00f3 que &#8220;el alto mando de Carabineros debe ser investigado por haber tenido conocimiento de los hechos de violencia, y no hizo nada&#8221;, se\u00f1al\u00f3 hoy la abogada Ana Piquer, directora para Chile de AI.<br \/>\n&#8220;Los mandos estrat\u00e9gicos de Carabineros permitieron la comisi\u00f3n de actos de tortura y malos tratos en contra de manifestantes por considerarlo un mal necesario para lograr dispersarles a toda costa. A trav\u00e9s de \u00f3rdenes t\u00e1citas u omisiones deliberadas, propiciaron casos tan graves como el de Gustavo Gatica o el de Fabiola Campillai, entre muchos otros&#8221; que perdieron totalmente la visi\u00f3n, afirm\u00f3 Erika Guevara, directora para las Am\u00e9ricas de Amnist\u00eda Internacional.<br \/>\nSi bien la organizaci\u00f3n analiza la actuaci\u00f3n de oficiales de Carabineros en un periodo de un mes y medio, AI advierte que siguieron registr\u00e1ndose casos de uso excesivo de la fuerza policial hasta mediados de marzo de 2020 -momento en que las manifestaciones cesaron temporalmente por la pandemia Covid-19.<br \/>\nTras la activaci\u00f3n de algunas manifestaciones en Santiago, en las \u00faltimas semanas se registraron nuevos episodios de violencia policial, como el del caso de un joven de 16 a\u00f1os que cay\u00f3 de un puente tras ser empujado por un carabinero, quien fue imputado por homicidio frustrado.<br \/>\nEl informe pone en evidencia que existen razones para considerar que al menos el General Director, el General Subdirector y el Director de Orden y Seguridad de Carabineros habr\u00edan sabido de las violaciones de derechos humanos a trav\u00e9s de informaci\u00f3n p\u00fablica y oficial.<br \/>\nAfirma que a diario recib\u00edan reportes internos de las reiteradas y graves lesiones causadas a diario con la munici\u00f3n disparada con escopetas, o con bombas lacrim\u00f3genas.<br \/>\n&#8220;Oficiales de Carabineros reprimieron las protestas disparando munici\u00f3n altamente lesiva, de amplia dispersi\u00f3n y contraria al est\u00e1ndar internacional sobre uso de la fuerza.<br \/>\nLejos de prohibir estos balines de goma y metal como munici\u00f3n antidisturbios, como se deber\u00eda haber hecho, fueron disparados de manera descontrolada, en ocasiones con la intenci\u00f3n de da\u00f1ar a los manifestantes, o sabiendo que era probable que ocurriese&#8221;, subray\u00f3 Guevara.<br \/>\n&#8220;Solo en el mes de octubre Carabineros dispar\u00f3 m\u00e1s de 104.000 cartuchos de dichos balines. El menosprecio por la integridad de las y los manifestantes ocasion\u00f3 que diariamente nuevas personas resultaran lesionadas de gravedad, sin importar que muchas de estas conductas pod\u00edan constituir delitos penales&#8221;, asever\u00f3.<br \/>\nAgreg\u00f3 que &#8220;esta estrategia de impunidad se vio favorecida por la falta de trazabilidad de la munici\u00f3n empleada, debido a que no quedaban huellas en el arma desde la que se disparaba&#8221;.<br \/>\nLos mandos estrat\u00e9gicos analizados demoraron un mes en limitar el uso de la munici\u00f3n y nunca llegaron a prohibirla, pese a existir un informe interno que mostraba su peligrosidad.<br \/>\nPr\u00e1cticamente no hubo sanciones disciplinarias a pesar de las m\u00e1s de 4.000 denuncias ante la Fiscal\u00eda en contra de oficiales de Carabineros, alentando la repetici\u00f3n de violaciones debido a la impunidad imperante en la instituci\u00f3n.<br \/>\nDe las 170 sanciones anunciadas por la instituci\u00f3n policial en julio de 2020, \u00fanicamente 16 supon\u00edan la remoci\u00f3n del puesto.<br \/>\nEn otros casos, a pesar de que oficiales de Carabineros aceptaron su autor\u00eda en las lesiones graves, no fueron sancionados. castigada no tuvo relaci\u00f3n con el uso de la fuerza.<br \/>\nTambi\u00e9n se constat\u00f3 que ciertos mandos operativos de la regi\u00f3n Metropolitana, como el Jefe de Zona (STGO1) o el Jefe de Zona de Orden, Control e Intervenci\u00f3n (STGO4), tampoco habr\u00edan ejercido un debido control sobre sus subordinados, como era su obligaci\u00f3n, y dirigieron y coordinaron operaciones en Plaza Italia, como el 8 de noviembre cuando oficiales de Fuerzas Especiales dispararon de forma indiscriminada y hacia zonas corporales de alta letalidad.<br \/>\nSolo en esa intervenci\u00f3n, en la que result\u00f3 ciego Gustavo Gatica, y que fue comandada por el Prefecto de las Fuerzas Especiales (G-1) y sus subprefectos (G-2 y G-3), se detonaron m\u00e1s de 2.000 cartuchos de 12 balines cada uno.<br \/>\nEntre los oficiales identificados repetidamente se encuentran G-2 y G-3, este \u00faltimo imputado recientemente como posible autor de las lesiones a Gustavo Gatica&#8221;, resume el documento.<\/p>\n","protected":false},"excerpt":{"rendered":"<p>SANTIAGO DE CHILE, 14 OCT &#8211; Amnist\u00eda Internacional (AI) entreg\u00f3 hoy un demoledor informe sobre la violencia policial en Chile durante las manifestaciones por el&hellip;<\/p>\n","protected":false},"author":99,"featured_media":0,"comment_status":"open","ping_status":"open","sticky":false,"template":"","format":"standard","meta":{"footnotes":""},"categories":[23],"tags":[],"class_list":["post-494363","post","type-post","status-publish","format-standard","hentry","category-latinoamerica"],"_links":{"self":[{"href":"https:\/\/diarioelpopular.com\/index.php\/wp-json\/wp\/v2\/posts\/494363","targetHints":{"allow":["GET"]}}],"collection":[{"href":"https:\/\/diarioelpopular.com\/index.php\/wp-json\/wp\/v2\/posts"}],"about":[{"href":"https:\/\/diarioelpopular.com\/index.php\/wp-json\/wp\/v2\/types\/post"}],"author":[{"embeddable":true,"href":"https:\/\/diarioelpopular.com\/index.php\/wp-json\/wp\/v2\/users\/99"}],"replies":[{"embeddable":true,"href":"https:\/\/diarioelpopular.com\/index.php\/wp-json\/wp\/v2\/comments?post=494363"}],"version-history":[{"count":1,"href":"https:\/\/diarioelpopular.com\/index.php\/wp-json\/wp\/v2\/posts\/494363\/revisions"}],"predecessor-version":[{"id":494365,"href":"https:\/\/diarioelpopular.com\/index.php\/wp-json\/wp\/v2\/posts\/494363\/revisions\/494365"}],"wp:attachment":[{"href":"https:\/\/diarioelpopular.com\/index.php\/wp-json\/wp\/v2\/media?parent=494363"}],"wp:term":[{"taxonomy":"category","embeddable":true,"href":"https:\/\/diarioelpopular.com\/index.php\/wp-json\/wp\/v2\/categories?post=494363"},{"taxonomy":"post_tag","embeddable":true,"href":"https:\/\/diarioelpopular.com\/index.php\/wp-json\/wp\/v2\/tags?post=494363"}],"curies":[{"name":"wp","href":"https:\/\/api.w.org\/{rel}","templated":true}]}}