{"id":494377,"date":"2020-10-16T19:19:24","date_gmt":"2020-10-16T23:19:24","guid":{"rendered":"https:\/\/diarioelpopular.com\/?p=494377"},"modified":"2020-10-16T19:19:24","modified_gmt":"2020-10-16T23:19:24","slug":"argentina-pierde-3-75-millones-de-empleos","status":"publish","type":"post","link":"https:\/\/diarioelpopular.com\/index.php\/2020\/10\/16\/argentina-pierde-3-75-millones-de-empleos\/","title":{"rendered":"Argentina pierde 3,75 millones de empleos"},"content":{"rendered":"<div id=\"attachment_494378\" style=\"width: 310px\" class=\"wp-caption alignnone\"><img loading=\"lazy\" decoding=\"async\" aria-describedby=\"caption-attachment-494378\" class=\"size-medium wp-image-494378\" src=\"https:\/\/diarioelpopular.com\/wp-content\/uploads\/2020\/10\/a6118784e1412b0004c59b9aaeabfa9a-300x200.jpg\" alt=\"\" width=\"300\" height=\"200\" \/><p id=\"caption-attachment-494378\" class=\"wp-caption-text\">La soledad de Buenos Aires en pandemia.<\/p><\/div>\n<h4><em><strong>De 20,8 millones de empleados en marzo se pasa a 17,1 en junio<\/strong><\/em><\/h4>\n<p><em><strong>VUENOS AIRES.- 16 OCT &#8211;<\/strong><\/em> Argentina perdi\u00f3 en el segundo trimestre del a\u00f1o 3 millones 757 mil puestos de trabajo o un 18%, al alcanzar los 17,1 millones, como consecuencia de la recesi\u00f3n y del impacto de la pandemia de Covid-19, seg\u00fan datos oficiales.<br \/>\nLo inform\u00f3 el Instituto Nacional de Estad\u00edsticas y Censos (Indec) luego de que se conociera previamente la Encuesta Permanente de Hogares (EPH).<br \/>\nLa contracci\u00f3n en el empleo, que en el segundo trimestre golpe\u00f3 a pleno al mercado de trabajo, fue a\u00fan mayor en el sector de los puestos asalariados no registrados o en negro de la econom\u00eda informal, con una baja del 34% interanual.<br \/>\nEl Indec confirm\u00f3 que si bien todas las modalidades de trabajo fueron afectadas, la cuarentena golpe\u00f3 con mayor fuerza a los asalariados &#8220;en negro&#8221; y cuentapropistas Tambi\u00e9n fue alta la disminuci\u00f3n en el empleo de los trabajadores no asalariados, sector que agrupa a trabajadores por cuenta propia, independientes y monotributistas donde la baja alcanz\u00f3 al 28,6%, en la comparaci\u00f3n con el segundo trimestre del a\u00f1o anterior.<br \/>\nEl menor impacto se registr\u00f3 en el sector de la econom\u00eda en blanco, donde los trabajadores asalariados tuvieron una baja del 3,3%.<br \/>\nEn marzo \u00faltimo hab\u00eda 20.879.000 puestos y se pas\u00f3 a 17.122.000 a fines de junio \u00faltimo, lo que representa una fuerte ca\u00edda del 18%.<br \/>\nLa tasa de desocupaci\u00f3n subi\u00f3 del 10,4% al 13,1%, un nivel que no se alcanzaba desde el tercer trimestre de 2004.<\/p>\n","protected":false},"excerpt":{"rendered":"<p>De 20,8 millones de empleados en marzo se pasa a 17,1 en junio VUENOS AIRES.- 16 OCT &#8211; Argentina perdi\u00f3 en el segundo trimestre del&hellip;<\/p>\n","protected":false},"author":99,"featured_media":0,"comment_status":"open","ping_status":"open","sticky":false,"template":"","format":"standard","meta":{"footnotes":""},"categories":[23],"tags":[],"class_list":["post-494377","post","type-post","status-publish","format-standard","hentry","category-latinoamerica"],"_links":{"self":[{"href":"https:\/\/diarioelpopular.com\/index.php\/wp-json\/wp\/v2\/posts\/494377","targetHints":{"allow":["GET"]}}],"collection":[{"href":"https:\/\/diarioelpopular.com\/index.php\/wp-json\/wp\/v2\/posts"}],"about":[{"href":"https:\/\/diarioelpopular.com\/index.php\/wp-json\/wp\/v2\/types\/post"}],"author":[{"embeddable":true,"href":"https:\/\/diarioelpopular.com\/index.php\/wp-json\/wp\/v2\/users\/99"}],"replies":[{"embeddable":true,"href":"https:\/\/diarioelpopular.com\/index.php\/wp-json\/wp\/v2\/comments?post=494377"}],"version-history":[{"count":1,"href":"https:\/\/diarioelpopular.com\/index.php\/wp-json\/wp\/v2\/posts\/494377\/revisions"}],"predecessor-version":[{"id":494379,"href":"https:\/\/diarioelpopular.com\/index.php\/wp-json\/wp\/v2\/posts\/494377\/revisions\/494379"}],"wp:attachment":[{"href":"https:\/\/diarioelpopular.com\/index.php\/wp-json\/wp\/v2\/media?parent=494377"}],"wp:term":[{"taxonomy":"category","embeddable":true,"href":"https:\/\/diarioelpopular.com\/index.php\/wp-json\/wp\/v2\/categories?post=494377"},{"taxonomy":"post_tag","embeddable":true,"href":"https:\/\/diarioelpopular.com\/index.php\/wp-json\/wp\/v2\/tags?post=494377"}],"curies":[{"name":"wp","href":"https:\/\/api.w.org\/{rel}","templated":true}]}}