{"id":494426,"date":"2020-10-18T21:38:05","date_gmt":"2020-10-19T01:38:05","guid":{"rendered":"https:\/\/diarioelpopular.com\/?p=494426"},"modified":"2020-10-18T21:38:05","modified_gmt":"2020-10-19T01:38:05","slug":"desmanes-y-dos-iglesias-en-llamas-en-santiago","status":"publish","type":"post","link":"https:\/\/diarioelpopular.com\/index.php\/2020\/10\/18\/desmanes-y-dos-iglesias-en-llamas-en-santiago\/","title":{"rendered":"Desmanes y dos iglesias en llamas en Santiago"},"content":{"rendered":"<div id=\"attachment_494427\" style=\"width: 160px\" class=\"wp-caption alignnone\"><img loading=\"lazy\" decoding=\"async\" aria-describedby=\"caption-attachment-494427\" class=\"size-thumbnail wp-image-494427\" src=\"https:\/\/diarioelpopular.com\/wp-content\/uploads\/2020\/10\/f0b47d042021b4652903c3f750bbbe0c-150x150.jpg\" alt=\"\" width=\"150\" height=\"150\" \/><p id=\"caption-attachment-494427\" class=\"wp-caption-text\"><em>Desmanes en Santiago, dos iglesias quemadas.<\/em><\/p><\/div>\n<h4><em><strong>Multitudinaria manifestaci\u00f3n a un a\u00f1o de la ola de protestas<\/strong><\/em><\/h4>\n<p><em><strong>SANTIAGO DE CHILE 18 OCT &#8211;<\/strong><\/em> Al menos dos iglesias del centro de Santiago de Chile sufrieron desmanes y fuegos intencionales, tras la multitudinaria manifestaci\u00f3n que congreg\u00f3 a decenas de miles de personas para conmemorar el primer aniversario de ola de protestas que sacudi\u00f3 al pa\u00eds en octubre del a\u00f1o pasado.<br \/>\nDurante la jornada tambi\u00e9n se registraron saqueos, deport\u00f3 el portal de noticias Bio Bio..<br \/>\nEl primer santuario atacado fue la Iglesia San Francisco de Borja, usado regularmente por el cuerpo policial de Carabineros para ceremonias institucionales, report\u00f3 la prensa chilena.<br \/>\nHoras m\u00e1s tarde fue la Iglesia de la Asunci\u00f3n, una de las m\u00e1s antiguas de la capital, con m\u00e1s de un siglo y medio de edad-.<br \/>\nCuando cay\u00f3 parte de la c\u00fapula en llamas tras el colapso de la estructura, varios manifestantes celebraron, seg\u00fan narraron cadenas de televisi\u00f3n.<br \/>\nAmbas iglesias fueron atacadas por encapuchados.<br \/>\nLos templos se encuentran en los alrededores de Plaza Italia, ahora llamada Plaza de la Libertad, el epicentro del llamado &#8220;estallido social&#8221; y que este domingo fue escenario de una de las concentraciones m\u00e1s masivas en lo que va de a\u00f1o, pese a la pandemia.<\/p>\n","protected":false},"excerpt":{"rendered":"<p>Multitudinaria manifestaci\u00f3n a un a\u00f1o de la ola de protestas SANTIAGO DE CHILE 18 OCT &#8211; Al menos dos iglesias del centro de Santiago de&hellip;<\/p>\n","protected":false},"author":99,"featured_media":0,"comment_status":"open","ping_status":"open","sticky":false,"template":"","format":"standard","meta":{"footnotes":""},"categories":[23],"tags":[],"class_list":["post-494426","post","type-post","status-publish","format-standard","hentry","category-latinoamerica"],"_links":{"self":[{"href":"https:\/\/diarioelpopular.com\/index.php\/wp-json\/wp\/v2\/posts\/494426","targetHints":{"allow":["GET"]}}],"collection":[{"href":"https:\/\/diarioelpopular.com\/index.php\/wp-json\/wp\/v2\/posts"}],"about":[{"href":"https:\/\/diarioelpopular.com\/index.php\/wp-json\/wp\/v2\/types\/post"}],"author":[{"embeddable":true,"href":"https:\/\/diarioelpopular.com\/index.php\/wp-json\/wp\/v2\/users\/99"}],"replies":[{"embeddable":true,"href":"https:\/\/diarioelpopular.com\/index.php\/wp-json\/wp\/v2\/comments?post=494426"}],"version-history":[{"count":1,"href":"https:\/\/diarioelpopular.com\/index.php\/wp-json\/wp\/v2\/posts\/494426\/revisions"}],"predecessor-version":[{"id":494428,"href":"https:\/\/diarioelpopular.com\/index.php\/wp-json\/wp\/v2\/posts\/494426\/revisions\/494428"}],"wp:attachment":[{"href":"https:\/\/diarioelpopular.com\/index.php\/wp-json\/wp\/v2\/media?parent=494426"}],"wp:term":[{"taxonomy":"category","embeddable":true,"href":"https:\/\/diarioelpopular.com\/index.php\/wp-json\/wp\/v2\/categories?post=494426"},{"taxonomy":"post_tag","embeddable":true,"href":"https:\/\/diarioelpopular.com\/index.php\/wp-json\/wp\/v2\/tags?post=494426"}],"curies":[{"name":"wp","href":"https:\/\/api.w.org\/{rel}","templated":true}]}}