{"id":494449,"date":"2020-10-20T11:28:22","date_gmt":"2020-10-20T15:28:22","guid":{"rendered":"https:\/\/diarioelpopular.com\/?p=494449"},"modified":"2020-10-20T11:28:41","modified_gmt":"2020-10-20T15:28:41","slug":"494449","status":"publish","type":"post","link":"https:\/\/diarioelpopular.com\/index.php\/2020\/10\/20\/494449\/","title":{"rendered":"Submarino de fibra de vidrio cruza el Atl\u00e1ntico"},"content":{"rendered":"<div id=\"attachment_494450\" style=\"width: 160px\" class=\"wp-caption alignnone\"><img loading=\"lazy\" decoding=\"async\" aria-describedby=\"caption-attachment-494450\" class=\"size-thumbnail wp-image-494450\" src=\"https:\/\/diarioelpopular.com\/wp-content\/uploads\/2020\/10\/cafe86d711b1de0e076e9c5bb5a87316-150x150.jpg\" alt=\"\" width=\"150\" height=\"150\" \/><p id=\"caption-attachment-494450\" class=\"wp-caption-text\"><em>Un submarino narco en las costas de M\u00e9xico similar al que parti\u00f3 de Brasil. Foto de archivo.<\/em><br \/><em>(foto: Ansa)<\/em><\/p><\/div>\n<h4><em><strong>Fabricado en Amazonia. Fibra de vidrio y 20 metros de largo<\/strong><\/em><\/h4>\n<p><em><strong>BRASILIA, 19 OCT &#8211;<\/strong><\/em> Un submarino de fibra de vidrio de 20 metros de longuitud, construido la Amazonia brasile\u00f1a, atraves\u00f3 el oce\u00e1no Atl\u00e1ntico con con tres toneladas de coca\u00edna procedentes de Colombia, inform\u00f3 la prensa.<br \/>\nLa nave de color gris fue montada en una zona densamente vegetada y vigiliada por grupos armados al servicio del narcotr\u00e1fico en el estado de Amap\u00e1, en el este amaz\u00f3nico, hasta donde lleg\u00f3 el cargaento en embarcaciones que navegaron miles de kil\u00f3metros por el r\u00edo Amazonas.<br \/>\nLa noticia fue publicada hoy por el diario Folha de San Pablo que refiere al creciente poder de las organizaciones narco en Brasil.<br \/>\nEntre tanto, el domingo a la noche el programa Fant\u00e1stico, de la TV Globo, dedic\u00f3 un extenso reportaje a la b\u00fasqueda del narcotraficante, Andre do Rap, del c\u00e1rtel Primer Comando de la Capital.<br \/>\nEl gobierno brasile\u00f1o solicit\u00f3 a Interpol la captura de Andre do Rap envuelto en el env\u00edo de coca\u00edna colombiana a Italia y Espa\u00f1a desde el puerto de Santos, en el sudeste del pa\u00eds, considerado la principal plataforma sudamericana para el embarque de drogas a Europa.<br \/>\nQue un submarino haya sido fabricado cerca de Macap\u00e1, capital de Amap\u00e1, en el norte de Brasil, a miles de kil\u00f3metros de Santos, es un dato que &#8220;cambia el juego&#8221; del narco y abre nuevas pistas para los investigadores se\u00f1ala Folha citando un art\u00edculo del peri\u00f3dico estadounidense The Wall Street Jornal.<br \/>\nEn un principio, a fines de 2019, se inform\u00f3 que el &#8220;arcosubmarino&#8221; hab\u00eda sido construdo en Leticia, Colombia, pero el diario estadounidense se\u00f1ala que fue fabricado en Amap\u00e1.<br \/>\nLa nave que finalmente no pudo llegar a la costa espa\u00f1ola debido al mal tiempo, recorri\u00f3 6 mil kil\u00f3metros con 152 alijos de coca\u00edna identificado con el logotipo de sus productores, en el que aparecen un toro, un caballo y una im\u00e1gan del diablo.<\/p>\n","protected":false},"excerpt":{"rendered":"<p>Fabricado en Amazonia. Fibra de vidrio y 20 metros de largo BRASILIA, 19 OCT &#8211; Un submarino de fibra de vidrio de 20 metros de&hellip;<\/p>\n","protected":false},"author":99,"featured_media":0,"comment_status":"open","ping_status":"open","sticky":false,"template":"","format":"standard","meta":{"footnotes":""},"categories":[23],"tags":[],"class_list":["post-494449","post","type-post","status-publish","format-standard","hentry","category-latinoamerica"],"_links":{"self":[{"href":"https:\/\/diarioelpopular.com\/index.php\/wp-json\/wp\/v2\/posts\/494449","targetHints":{"allow":["GET"]}}],"collection":[{"href":"https:\/\/diarioelpopular.com\/index.php\/wp-json\/wp\/v2\/posts"}],"about":[{"href":"https:\/\/diarioelpopular.com\/index.php\/wp-json\/wp\/v2\/types\/post"}],"author":[{"embeddable":true,"href":"https:\/\/diarioelpopular.com\/index.php\/wp-json\/wp\/v2\/users\/99"}],"replies":[{"embeddable":true,"href":"https:\/\/diarioelpopular.com\/index.php\/wp-json\/wp\/v2\/comments?post=494449"}],"version-history":[{"count":2,"href":"https:\/\/diarioelpopular.com\/index.php\/wp-json\/wp\/v2\/posts\/494449\/revisions"}],"predecessor-version":[{"id":494452,"href":"https:\/\/diarioelpopular.com\/index.php\/wp-json\/wp\/v2\/posts\/494449\/revisions\/494452"}],"wp:attachment":[{"href":"https:\/\/diarioelpopular.com\/index.php\/wp-json\/wp\/v2\/media?parent=494449"}],"wp:term":[{"taxonomy":"category","embeddable":true,"href":"https:\/\/diarioelpopular.com\/index.php\/wp-json\/wp\/v2\/categories?post=494449"},{"taxonomy":"post_tag","embeddable":true,"href":"https:\/\/diarioelpopular.com\/index.php\/wp-json\/wp\/v2\/tags?post=494449"}],"curies":[{"name":"wp","href":"https:\/\/api.w.org\/{rel}","templated":true}]}}