{"id":494454,"date":"2020-10-20T20:46:36","date_gmt":"2020-10-21T00:46:36","guid":{"rendered":"https:\/\/diarioelpopular.com\/?p=494454"},"modified":"2020-10-20T20:46:36","modified_gmt":"2020-10-21T00:46:36","slug":"datos-oficiales-confirman-triunfo-de-arce","status":"publish","type":"post","link":"https:\/\/diarioelpopular.com\/index.php\/2020\/10\/20\/datos-oficiales-confirman-triunfo-de-arce\/","title":{"rendered":"Datos oficiales confirman triunfo de Arce"},"content":{"rendered":"<div id=\"attachment_494455\" style=\"width: 160px\" class=\"wp-caption alignnone\"><img loading=\"lazy\" decoding=\"async\" aria-describedby=\"caption-attachment-494455\" class=\"size-thumbnail wp-image-494455\" src=\"https:\/\/diarioelpopular.com\/wp-content\/uploads\/2020\/10\/fbcded207c192dc970b26ea263fed952-150x150.jpg\" alt=\"\" width=\"150\" height=\"150\" \/><p id=\"caption-attachment-494455\" class=\"wp-caption-text\"><em>Datos oficiales confirman a Luis Arce como ganador de las elecciones de Bolivia. (foto: EPA)<\/em><\/p><\/div>\n<h4><em><strong>El escrutinio super\u00f3 el 50% de los votos<\/strong><\/em><\/h4>\n<p><em><strong>LA PAZ, 20 OCT &#8211;<\/strong><\/em> Los resultados parciales de las\u00a0elecciones en Bolivia difundidos por las autoridades electorales\u00a0confirmaban hoy la victoria del candidato del Movimiento al\u00a0Socialismo (MAS), Luis Arce, el cual asegur\u00f3 que una vez que<br \/>\nasuma reestablecer\u00e1 las relaciones con Venezuela y Cuba y afirm\u00f3\u00a0que si el ex presidente Evo Morales quiere ayudar ser\u00e1<br \/>\nbienvenido, aunque aclar\u00f3 que &#8220;eso no quiere decir que \u00e9l estar\u00e1\u00a0en el Gobierno&#8221;.<br \/>\nSeg\u00fan los \u00faltimos datos del Organo Electoral Plurinacional\u00a0(OEP), el ex ministro de econom\u00eda del gobierno de Morales<br \/>\nlograba el 53,11% de los votos (2.591.610), tras escrutarse el\u00a087,95% de las actas, superando ampliamente al ex mandatario y\u00a0candidato del partido Comunidad Ciudadana (CC, de centro) Carlos\u00a0Mesa, que se alzaba con el 29,86% (1.456.890). En tercer lugar\u00a0se ubicaba Luis Fernando Camacho, el candidato de derecha del\u00a0partido Creemos, que registraba el 14,92% de los votos\u00a0(728.115).<br \/>\nPor su parte dos proyecciones del Instituto Ciesmori y la\u00a0Fundaci\u00f3n Jubileo tambi\u00e9n le daban a Arce y a su vice, David<br \/>\nChoquehuanca la victoria, siete horas despu\u00e9s del cierre de los\u00a0comicios, con el 52-53% de los votos contra el 31% de Mesa.<br \/>\nLa ventaja de m\u00e1s de 20 puntos convenci\u00f3 a todos para\u00a0reconocer el lunes el triunfo en las elecciones al candidato de<br \/>\nMAS. desde la presidenta interina, Jeanine A\u00f1ez al candidato del\u00a0CC, Carlos Mesa.\u00a0Incluso Luis Almagro, secretario general de la Organizaci\u00f3n\u00a0de Estados Americanos (OEA), entidad cuya denuncia de un\u00a0supuesto fraude en los comicios de 2019 estimul\u00f3 la violencia\u00a0que condujo a la salida de Morales del poder, felicit\u00f3 al\u00a0virtualmente electo presidente de Bolivia.<br \/>\nEs as\u00ed que el exponente del Movimiento Al Socialismo afirm\u00f3\u00a0que una vez que asuma tomar\u00e1 las riendas del pa\u00eds que se vio\u00a0golpeado por la violencia del r\u00e9gimen y qued\u00f3 inmerso en una\u00a0crisis econ\u00f3mica profundizada por la pandemia de coronavirus.\u00a0Arce, quien fue ministro de econom\u00eda de Morales y logr\u00f3\u00a0conseguir la estabilidad econ\u00f3mica del pa\u00eds, dijo adem\u00e1s que\u00a0retomar\u00e1 las relaciones con pa\u00edses como Cuba y Venezuela rotas\u00a0por el Ejecutivo transitorio de la presidenta A\u00f1ez.<br \/>\n&#8220;Nosotros vamos a restablecer todas las relaciones. Este\u00a0Gobierno ha actuado muy ideol\u00f3gicamente privando al pueblo<br \/>\nboliviano del acceso a la medicina cubana, a la medicina rusa, a\u00a0los avances en China. Por un tema netamente ideol\u00f3gico se ha\u00a0expuesto a la poblaci\u00f3n de manera innecesaria y perjudicial&#8221;,\u00a0declar\u00f3 a la prensa.<br \/>\nEl Gobierno interino suspendi\u00f3 en enero las relaciones\u00a0diplom\u00e1ticas con Cuba mientras que con Venezuela A\u00f1ez desconoci\u00f3\u00a0al presidente Nicol\u00e1s Maduro y apoy\u00f3 al l\u00edder opositor Juan\u00a0Guaid\u00f3.<br \/>\nSobre el expresidente que gobern\u00f3 durante 14 a\u00f1os, Arce\u00a0dijo que &#8220;si quiere ayudar ser\u00e1 bienvenido&#8221;, pero aclar\u00f3 que<br \/>\n&#8220;eso no significa que Morales estar\u00e1 en el gobierno&#8221;.\u00a0&#8220;Ser\u00e1 mi gobierno. Si quiere volver a Bolivia y ayudarnos<br \/>\nno hay problemas. l lo decidir\u00e1&#8221;, agreg\u00f3 Arce en una entrevista\u00a0con la BBC, sobre el ex jefe de Estado que ahora reside en<br \/>\nArgentina.<br \/>\n&#8220;El MAS es el partido mayoritario y los votos de ayer\u00a0(domingo) lo demuestran muy claramente. Somos la mayor\u00eda&#8221;,<br \/>\nsubray\u00f3 en la entrevista, y agreg\u00f3 que en las elecciones del a\u00f1o\u00a0pasado &#8220;no hubo fraude. Fue un golpe de estado de los partidos\u00a0de derecha, que nunca podr\u00e1n vencernos en las elecciones&#8221;,\u00a0declar\u00f3.<br \/>\nEvo Morales sali\u00f3 de Bolivia en noviembre de 2019 bajo\u00a0presi\u00f3n de las fuerzas armadas, como consecuencia de la crisis<br \/>\ninstitucional desencadenada por las denuncias de fraude en las\u00a0elecciones celebradas en octubre de 2019, que posteriormente\u00a0fueron canceladas.<br \/>\nDe ratificarse las cifras que viene difundiendo el Organo\u00a0Electoral Plurinacional, Arce igualar\u00e1 el resultado que obtuvo<br \/>\nMorales en su primera elecci\u00f3n de 2005, cuando el MAS arras\u00f3 en\u00a0primera vuelta y dio inicio a un proceso transformador que s\u00f3lo\u00a0pudo ser detenido por lo sucedido en 2019.<br \/>\nSin embargo aunque los votos le alcancen al candidato del\u00a0MAS para ganar en primera vuelta, Arce se encontrar\u00e1 con un pa\u00eds\u00a0profundamente dividido.<br \/>\nLas divisiones pueden remontarse a 2016, cuando el entonces\u00a0presidente Morales celebr\u00f3 un referendo para preguntarle a los\u00a0bolivianos si quer\u00edan modificar su Constituci\u00f3n para que se\u00a0postulara de nuevo en los comicios presidenciales de 2019, para\u00a0un cuarto mandato, y pese a que la ciudadan\u00eda le dijo que no, el\u00a0se present\u00f3, generando la grieta en la poblaci\u00f3n.<\/p>\n","protected":false},"excerpt":{"rendered":"<p>El escrutinio super\u00f3 el 50% de los votos LA PAZ, 20 OCT &#8211; Los resultados parciales de las\u00a0elecciones en Bolivia difundidos por las autoridades electorales\u00a0confirmaban&hellip;<\/p>\n","protected":false},"author":99,"featured_media":0,"comment_status":"open","ping_status":"open","sticky":false,"template":"","format":"standard","meta":{"footnotes":""},"categories":[23],"tags":[],"class_list":["post-494454","post","type-post","status-publish","format-standard","hentry","category-latinoamerica"],"_links":{"self":[{"href":"https:\/\/diarioelpopular.com\/index.php\/wp-json\/wp\/v2\/posts\/494454","targetHints":{"allow":["GET"]}}],"collection":[{"href":"https:\/\/diarioelpopular.com\/index.php\/wp-json\/wp\/v2\/posts"}],"about":[{"href":"https:\/\/diarioelpopular.com\/index.php\/wp-json\/wp\/v2\/types\/post"}],"author":[{"embeddable":true,"href":"https:\/\/diarioelpopular.com\/index.php\/wp-json\/wp\/v2\/users\/99"}],"replies":[{"embeddable":true,"href":"https:\/\/diarioelpopular.com\/index.php\/wp-json\/wp\/v2\/comments?post=494454"}],"version-history":[{"count":1,"href":"https:\/\/diarioelpopular.com\/index.php\/wp-json\/wp\/v2\/posts\/494454\/revisions"}],"predecessor-version":[{"id":494456,"href":"https:\/\/diarioelpopular.com\/index.php\/wp-json\/wp\/v2\/posts\/494454\/revisions\/494456"}],"wp:attachment":[{"href":"https:\/\/diarioelpopular.com\/index.php\/wp-json\/wp\/v2\/media?parent=494454"}],"wp:term":[{"taxonomy":"category","embeddable":true,"href":"https:\/\/diarioelpopular.com\/index.php\/wp-json\/wp\/v2\/categories?post=494454"},{"taxonomy":"post_tag","embeddable":true,"href":"https:\/\/diarioelpopular.com\/index.php\/wp-json\/wp\/v2\/tags?post=494454"}],"curies":[{"name":"wp","href":"https:\/\/api.w.org\/{rel}","templated":true}]}}