{"id":494468,"date":"2020-10-21T12:17:06","date_gmt":"2020-10-21T16:17:06","guid":{"rendered":"https:\/\/diarioelpopular.com\/?p=494468"},"modified":"2020-10-21T12:17:06","modified_gmt":"2020-10-21T16:17:06","slug":"gobierno-retrasa-toque-de-queda-para-plebiscito","status":"publish","type":"post","link":"https:\/\/diarioelpopular.com\/index.php\/2020\/10\/21\/gobierno-retrasa-toque-de-queda-para-plebiscito\/","title":{"rendered":"Gobierno retrasa toque de queda para Plebiscito"},"content":{"rendered":"<div id=\"attachment_494469\" style=\"width: 160px\" class=\"wp-caption alignnone\"><img loading=\"lazy\" decoding=\"async\" aria-describedby=\"caption-attachment-494469\" class=\"size-thumbnail wp-image-494469\" src=\"https:\/\/diarioelpopular.com\/wp-content\/uploads\/2020\/10\/30ae358c63df88fd36151e7dcfe86521-150x150.jpg\" alt=\"\" width=\"150\" height=\"150\" \/><p id=\"caption-attachment-494469\" class=\"wp-caption-text\"><em>Primer aniversario de las protestas en Chile.<\/em><\/p><\/div>\n<h4><em><strong>Comandos del Apruebo pidieron tambi\u00e9n transporte gratis ese d\u00eda<\/strong><\/em><\/h4>\n<p><em><strong>SANTIAGO DEL CHILE, 20 OCT &#8211;<\/strong> <\/em>El gobierno chileno accedi\u00f3 a retrasar el inicio del toque de queda para este domingo, jornada hist\u00f3rica por el Plebiscito constitucional que buscar\u00e1 cambiar la Carta Magna de 1980 heredada de la dictadura.<br \/>\nLa prohibici\u00f3n de circular el domingo se levantar\u00e1 a las 4 (7 GMT) de la ma\u00f1ana y volver\u00e1 a imponerse a 1 hora local (4 GMT) del lunes 26 de octubre, inform\u00f3 el ministro del Interior, V\u00edctor P\u00e9rez.<br \/>\n&#8220;La decisi\u00f3n de modificar el horario del toque de queda, que como saben hoy finaliza a las 5 (8 GMT) e inicia a las 23 (2 GMT del d\u00eda siguiente), es facilitar el d\u00eda del plebiscito, la movilidad y la circulaci\u00f3n de las personas&#8221;, explic\u00f3 P\u00e9rez.<br \/>\nLa informaci\u00f3n se dio a conocer tras reunirse la autoridad con el presidente del Servicio Electoral (Servel), Patricio Santamar\u00eda, con quien coordin\u00f3 los \u00faltimos detalles de cara a la consulta ciudadana.<br \/>\n&#8220;Creemos que el toque de queda tiene como funci\u00f3n acompa\u00f1ar las normas de car\u00e1cter sanitaria, creemos que esa extensi\u00f3n facilitar\u00e1 la circulaci\u00f3n de las personas&#8221;, agreg\u00f3 el ministro.<br \/>\nEn cuanto a la reuni\u00f3n con el jefe del Servel, se\u00f1al\u00f3: &#8220;hemos concordado tambi\u00e9n tener un v\u00ednculo directo durante ese d\u00eda para que el gobierno pueda transmitir las resoluciones del Servicio Electoral y de las juntas electorales y poder de alguna manera avanzar de forma clara y segura en el objetivo de un plebiscito seguro, participativo y transparente&#8221;.<br \/>\nSantamar\u00eda coment\u00f3 a su vez que hicieron &#8220;todo lo posible y estamos haciendo todas las coordinaciones necesarias para que en conjunto, tanto las autoridades que tienen responsabilidad en los procesos electorales, fundamentalmente resguardar el orden p\u00fablico al interior y exterior de los locales, estemos ampliamente coordinados para enfrentar este proceso&#8221;.<br \/>\nEl presidente del Servel llam\u00f3 a la ciudadan\u00eda a que ese domingo vaya con &#8220;tranquilidad&#8221; al plebiscito.<br \/>\n&#8220;Cuid\u00e9monos desde ya, cualquier esfuerzo que las autoridades realizan, si la ciudadan\u00eda, los electores no cumplen, no ponen de su parte, no act\u00faan responsablemente, es posible que, no digamos fracasen, pero s\u00ed no cumplan el objetivo que hay tras esto que es cuidar la salud de la poblaci\u00f3n y de la democracia&#8221;, resalt\u00f3.<br \/>\nLos comandos del Apruebo y una Convenci\u00f3n Constitucional totalmente electa por voto popular hab\u00edan solicitado al presidente chileno, Sebasti\u00e1n Pi\u00f1era, retrasar el toque de queda y que el transporte p\u00fablico sea gratuito el d\u00eda del Plebiscito.<br \/>\nLos distintos representantes llegaron hoy hasta La Moneda para dejar una carta en la que argumentan que hay muchas personas que no tienen como costear los pasajes para acercarse a su mesa de votaci\u00f3n.<br \/>\nLa excandidata presidencial del izquierdista Frente Amplio Beatriz S\u00e1nchez expres\u00f3 que la idea es fomentar la participaci\u00f3n ciudadana en la votaci\u00f3n.<br \/>\n&#8220;Hay que desplazar a mucha gente a votar en un pa\u00eds que no est\u00e1 acostumbrado a votar desde que hay voto voluntario y este es un proceso que es hist\u00f3rico&#8221;, esgrimi\u00f3, y el transporte gratuito, acot\u00f3, es fundamental porque muchas familias deber\u00e1n decidir si ir a votar o comprar alimentos para el resto de la semana, debido a la pandemia.<br \/>\n&#8220;Una familia de cinco personas tiene que tomar una decisi\u00f3n ese d\u00eda, si es que se tiene que trasladar a trav\u00e9s de la locomoci\u00f3n colectiva de ciudad a votar o no porque ese es un gasto, que puede ser un gasto semanal para comprar pan, para comer&#8221;, argument\u00f3.<br \/>\nEl valor del pasaje de la locomoci\u00f3n colectiva bordea un d\u00f3lar.<br \/>\nEl ministro vocero de La Moneda, Jaime Bellolio, indic\u00f3 que el pasaje ser\u00e1 gratuito en sectores &#8220;que est\u00e1n m\u00e1s alejados&#8221;, seg\u00fan establece la ley, y los recorridos se est\u00e1n conversando con los intendentes y alcaldes de cada zona.<\/p>\n","protected":false},"excerpt":{"rendered":"<p>Comandos del Apruebo pidieron tambi\u00e9n transporte gratis ese d\u00eda SANTIAGO DEL CHILE, 20 OCT &#8211; El gobierno chileno accedi\u00f3 a retrasar el inicio del toque&hellip;<\/p>\n","protected":false},"author":99,"featured_media":0,"comment_status":"open","ping_status":"open","sticky":false,"template":"","format":"standard","meta":{"footnotes":""},"categories":[23],"tags":[],"class_list":["post-494468","post","type-post","status-publish","format-standard","hentry","category-latinoamerica"],"_links":{"self":[{"href":"https:\/\/diarioelpopular.com\/index.php\/wp-json\/wp\/v2\/posts\/494468","targetHints":{"allow":["GET"]}}],"collection":[{"href":"https:\/\/diarioelpopular.com\/index.php\/wp-json\/wp\/v2\/posts"}],"about":[{"href":"https:\/\/diarioelpopular.com\/index.php\/wp-json\/wp\/v2\/types\/post"}],"author":[{"embeddable":true,"href":"https:\/\/diarioelpopular.com\/index.php\/wp-json\/wp\/v2\/users\/99"}],"replies":[{"embeddable":true,"href":"https:\/\/diarioelpopular.com\/index.php\/wp-json\/wp\/v2\/comments?post=494468"}],"version-history":[{"count":1,"href":"https:\/\/diarioelpopular.com\/index.php\/wp-json\/wp\/v2\/posts\/494468\/revisions"}],"predecessor-version":[{"id":494470,"href":"https:\/\/diarioelpopular.com\/index.php\/wp-json\/wp\/v2\/posts\/494468\/revisions\/494470"}],"wp:attachment":[{"href":"https:\/\/diarioelpopular.com\/index.php\/wp-json\/wp\/v2\/media?parent=494468"}],"wp:term":[{"taxonomy":"category","embeddable":true,"href":"https:\/\/diarioelpopular.com\/index.php\/wp-json\/wp\/v2\/categories?post=494468"},{"taxonomy":"post_tag","embeddable":true,"href":"https:\/\/diarioelpopular.com\/index.php\/wp-json\/wp\/v2\/tags?post=494468"}],"curies":[{"name":"wp","href":"https:\/\/api.w.org\/{rel}","templated":true}]}}