{"id":494483,"date":"2020-10-22T12:35:28","date_gmt":"2020-10-22T16:35:28","guid":{"rendered":"https:\/\/diarioelpopular.com\/?p=494483"},"modified":"2020-10-22T12:35:28","modified_gmt":"2020-10-22T16:35:28","slug":"pinera-lidera-acto-por-500-anos-del-estrecho-de-magallanes","status":"publish","type":"post","link":"https:\/\/diarioelpopular.com\/index.php\/2020\/10\/22\/pinera-lidera-acto-por-500-anos-del-estrecho-de-magallanes\/","title":{"rendered":"Pi\u00f1era lidera acto por 500 a\u00f1os del Estrecho de Magallanes"},"content":{"rendered":"<div id=\"attachment_494484\" style=\"width: 160px\" class=\"wp-caption alignnone\"><img loading=\"lazy\" decoding=\"async\" aria-describedby=\"caption-attachment-494484\" class=\"size-thumbnail wp-image-494484\" src=\"https:\/\/diarioelpopular.com\/wp-content\/uploads\/2020\/10\/6b33b8b7d0b8332c09d209c1d534f649-150x150.jpeg\" alt=\"\" width=\"150\" height=\"150\" \/><p id=\"caption-attachment-494484\" class=\"wp-caption-text\"><em>Festejos por los 500 a\u00f1os del descubrimiento del Estrecho de Magallanes<\/em><br \/><em>(foto: Ansa)<\/em><\/p><\/div>\n<h4><em><strong>Haza\u00f1a permiti\u00f3 derrumbar muros, se\u00f1al\u00f3 el mandatario<\/strong><\/em><\/h4>\n<p><em><strong>SANTIAGO DEL CHILE, 22 OCT &#8211;<\/strong> <\/em>El presidente chileno Sebasti\u00e1n Pi\u00f1era, encabez\u00f3 este mi\u00e9rcoles el acto con el que se conmemoraron los 500 a\u00f1os del descubrimiento del Estrecho de Magallanes, haza\u00f1a del portugu\u00e9s Hernando de Magallanes.<br \/>\n&#8220;Fue un viaje de derrumbar muros y construir puentes por donde hoy d\u00eda transitan libremente las ideas, las personas, el conocimiento y la cultura&#8221;, grafic\u00f3 el mandatario en la ceremonia en la que participaron los embajadores de Espa\u00f1a y Portugal en Chile.<br \/>\n&#8220;Magallanes, (Sebasti\u00e1n) Elcano y su tripulaci\u00f3n no s\u00f3lo nos legaron un testimonio de coraje, de valor, de visi\u00f3n, de audacia, sino que tambi\u00e9n nos legaron un mundo nuevo porque lograron hacer, con esa navegaci\u00f3n, una verdadera globalizaci\u00f3n de nuestro mundo y lograron unir y hacer encuentros entre culturas que estaban muy distantes y muy separadas&#8221;, relev\u00f3 Pi\u00f1era.<br \/>\nValor\u00f3 que la expedici\u00f3n encabezada por Magallanes, que en 1520 naveg\u00f3 por el estrecho -uno de los grandes hitos navales- marc\u00f3 la historia y desarrollo de Chile y del mundo.<br \/>\nEn la ceremonia, se entonaron los himnos de Chile y Espa\u00f1a desde los buques &#8220;Esmeralda&#8221; y &#8220;Sebasti\u00e1n Elcano&#8221;. Adem\u00e1s, la Armada le entreg\u00f3 al mandatario una toponimia: Un mapa del Estrecho con la demarcaci\u00f3n topogr\u00e1fica de los asentamientos hist\u00f3ricos del lugar.<br \/>\n&#8220;Cada generaci\u00f3n tiene una misi\u00f3n a cumplir. La misi\u00f3n de aquellos que fueron los grandes descubridores, los grandes navegantes, la conocemos; lo importante es inspirarnos en los mismos valores que permitieron a esos hombres cumplir sus haza\u00f1as para que nosotros podamos tambi\u00e9n cumplir nuestra misi\u00f3n&#8221;, concluy\u00f3 Pi\u00f1era.<br \/>\nEl domingo pasado, la Tercera Zona Naval chilena asentada en la austral ciudad de Punta Arenas durante cerca de cinco minutos realiz\u00f3 un intercambio de salvas de ca\u00f1onazos con el buque escuela &#8220;Juan Sebasti\u00e1n de Elcano&#8221; de la Armada espa\u00f1ola.<br \/>\nAs\u00ed se iniciaron los actos conmemorativos, en el marco de una serie de austeras y restringidas actividades en memoria de una de las fechas m\u00e1s importantes para Hispanoam\u00e9rica.<br \/>\n&#8220;La salva de 21 ca\u00f1onazos se remonta al siglo XV, cuando las nacientes piezas de artiller\u00eda eran capaces de disparar un tiro por vez, de esta forma, cuando un buque hacia ingreso a un puerto y a modo de demostrar que no pose\u00eda intenciones ofensivas, descargaba sus piezas a lo que la plaza contestaba con tres salvas seguidas de siete tiros que indicaban al nav\u00edo que sus intenciones hab\u00edan sido recibidas y que era bienvenido a puerto&#8221;, describi\u00f3 el Jefe de la Unidad, Capit\u00e1n de Fragata IM Ricardo Barraza.<br \/>\n&#8220;Con esta salva de honor se le da la m\u00e1s cordial bienvenida al Buque Escuela espa\u00f1ol Juan Sebasti\u00e1n de Elcano a territorio chileno y a nuestra ciudad&#8221;, explic\u00f3 el marino.<\/p>\n","protected":false},"excerpt":{"rendered":"<p>Haza\u00f1a permiti\u00f3 derrumbar muros, se\u00f1al\u00f3 el mandatario SANTIAGO DEL CHILE, 22 OCT &#8211; El presidente chileno Sebasti\u00e1n Pi\u00f1era, encabez\u00f3 este mi\u00e9rcoles el acto con el&hellip;<\/p>\n","protected":false},"author":99,"featured_media":0,"comment_status":"open","ping_status":"open","sticky":false,"template":"","format":"standard","meta":{"footnotes":""},"categories":[23],"tags":[],"class_list":["post-494483","post","type-post","status-publish","format-standard","hentry","category-latinoamerica"],"_links":{"self":[{"href":"https:\/\/diarioelpopular.com\/index.php\/wp-json\/wp\/v2\/posts\/494483","targetHints":{"allow":["GET"]}}],"collection":[{"href":"https:\/\/diarioelpopular.com\/index.php\/wp-json\/wp\/v2\/posts"}],"about":[{"href":"https:\/\/diarioelpopular.com\/index.php\/wp-json\/wp\/v2\/types\/post"}],"author":[{"embeddable":true,"href":"https:\/\/diarioelpopular.com\/index.php\/wp-json\/wp\/v2\/users\/99"}],"replies":[{"embeddable":true,"href":"https:\/\/diarioelpopular.com\/index.php\/wp-json\/wp\/v2\/comments?post=494483"}],"version-history":[{"count":1,"href":"https:\/\/diarioelpopular.com\/index.php\/wp-json\/wp\/v2\/posts\/494483\/revisions"}],"predecessor-version":[{"id":494485,"href":"https:\/\/diarioelpopular.com\/index.php\/wp-json\/wp\/v2\/posts\/494483\/revisions\/494485"}],"wp:attachment":[{"href":"https:\/\/diarioelpopular.com\/index.php\/wp-json\/wp\/v2\/media?parent=494483"}],"wp:term":[{"taxonomy":"category","embeddable":true,"href":"https:\/\/diarioelpopular.com\/index.php\/wp-json\/wp\/v2\/categories?post=494483"},{"taxonomy":"post_tag","embeddable":true,"href":"https:\/\/diarioelpopular.com\/index.php\/wp-json\/wp\/v2\/tags?post=494483"}],"curies":[{"name":"wp","href":"https:\/\/api.w.org\/{rel}","templated":true}]}}