{"id":494496,"date":"2020-10-23T09:42:17","date_gmt":"2020-10-23T13:42:17","guid":{"rendered":"https:\/\/diarioelpopular.com\/?p=494496"},"modified":"2020-10-23T09:42:17","modified_gmt":"2020-10-23T13:42:17","slug":"hay-que-tomar-el-tren-de-la-union","status":"publish","type":"post","link":"https:\/\/diarioelpopular.com\/index.php\/2020\/10\/23\/hay-que-tomar-el-tren-de-la-union\/","title":{"rendered":"HAY QUE TOMAR EL TREN DE LA UNI\u00d3N"},"content":{"rendered":"<p><strong><em>\u201cTodos volamos en un mismo globo, donde el mal de uno perjudica a los dem\u00e1s\u201d<\/em><\/strong><\/p>\n<p><strong><em>\u00a0<\/em><\/strong><\/p>\n<p><strong><em>=============================<\/em><\/strong><\/p>\n<p><strong><em>V\u00edctor CORCOBA HERRERO\/ Escritor<\/em><\/strong><\/p>\n<p><strong><em>corcoba@telefonica.net\u00a0\u00a0\u00a0\u00a0\u00a0\u00a0\u00a0\u00a0\u00a0\u00a0\u00a0\u00a0\u00a0\u00a0\u00a0\u00a0\u00a0\u00a0\u00a0\u00a0\u00a0\u00a0\u00a0\u00a0\u00a0\u00a0 <\/em><\/strong><\/p>\n<p><strong>=============================<\/strong><\/p>\n<p>&nbsp;<\/p>\n<p>La unidad es lo \u00fanico que tiene futuro. Nada se consigue con \u00e1nimo distante, sin confluencia de pulsos, puesto que necesitamos sobrellevar cargas que son de todos. La evidencia est\u00e1 en los hechos, en esa degradaci\u00f3n ambiental que nos hemos propiciado a nosotros mismos, bajo ese clima de contradicciones y abusos que nos desamparan en una espiral de muerte, donde nadie est\u00e1 a salvo, en parte por las alteraciones en los medios de vida provocadas por el cambio clim\u00e1tico y por el incremento de dolor y de violencia vertida en cualquier esquina. As\u00ed, desde luego, no se puede armonizar nada. Nos hemos acostumbrado a querer ser autosuficientes, y lo peor es que nos lo hemos cre\u00eddo, cuando en realidad pensar solo en nuestros intereses es el motivo de todos los males, que nos acorralan, fruto de ese endiosamiento que nos impide abrazarnos para que renazca la concordia de una vez por todas. Pensemos, que all\u00e1 donde habita la paz, siempre hay gloria.<\/p>\n<p>&nbsp;<\/p>\n<p>Conciliarnos humanamente es la gran asignatura pendiente. En este sentido, hemos de celebrar la apuesta de muchas organizaciones internacionales, preparadas a activar aut\u00e9nticos di\u00e1logos en todo el planeta y entre pa\u00edses, en sectores diversos e intergeneracionalmente. Juntos tenemos que aprender, y no hay otro modo que el respeto mediante la escucha, el di\u00e1logo a partir de la verdad, y aprender de las experiencias de todos y entre todos. No podemos bajarnos de ese convoy de vivencias, tenemos mucho que compartir para anidar en comunidad. S\u00f3lo la entrega generosa, conlleva ese horizonte de quietud que contribuye a la aproximaci\u00f3n entre an\u00e1logos. No es cuesti\u00f3n de se\u00f1alarnos unos contra otros, sino de fundirnos en esa cultura verdadera del abrazo, que es lo que realmente nos fraterniza y saca de nosotros, ese aire humanitario que requerimos para poder subsistir y continuar en el linaje.<\/p>\n<p>&nbsp;<\/p>\n<p>Definitivamente, tampoco podemos perder m\u00e1s tiempo en la toma de ese rumbo que nos concilie, porque en realidad hemos de reencontrarnos para poner fin a nuestras miserias; pues hoy, m\u00e1s que nunca el mundo tiene una ardiente necesidad de sosiego. No podemos acostumbrarnos a ese mundo tenebroso, cuajado y desquiciado de tensiones y conflictos, que nos llevan a demasiadas guerras, a un lenguaje de divisi\u00f3n que nos arrebatan la placidez. Ojal\u00e1 aprendamos a rectificar, a trabajar por una globalizaci\u00f3n justa, con el cumplimiento del abecedario de los derechos humanos y el rechazo categ\u00f3rico del odio. No hay que perder los sue\u00f1os, y en la medida que nos sintamos corresponsables, venceremos todas las ofensivas. As\u00ed, pues, pongamos fibra en lo humano, seamos perseverantes en ello, que todos necesitamos alzar el valor, ser tolerantes y comprendidos. Lo peor es lavarse las manos como Pilatos. No olvidemos que todos volamos en un mismo globo, donde el mal de uno perjudica a los dem\u00e1s.<\/p>\n<p>&nbsp;<\/p>\n<p>Por consiguiente, el hermanamiento, que nace de la cognici\u00f3n de ser una sola humanidad imbuida en diversas expresiones, ha de penetrar en el coraz\u00f3n de cada cual, en la vida diaria de los pueblos y ciudades, entre los gobiernos y gobernantes; y, de esta manera, no caer enfermos en la contrariedad permanente. Tener claro la interconexi\u00f3n entre todos ya es un gran avance. Por eso, nos entristece que la evoluci\u00f3n de las mujeres hacia la igualdad de g\u00e9nero se estanque, en un mundo tan necesitado de diversos apoyos cooperantes. Tambi\u00e9n nos causa des\u00e1nimo que caminemos hacia sectores incapaces de regenerarnos; con alientos corruptos y sistemas agroalimentarios verdaderamente nocivos. De igual modo, nos sobrecoge hasta sentirnos totalmente desorientados, el menosprecio de la vida, cuesti\u00f3n que nos arrincona la esperanza y nos lleva hacia una existencia que todos nos merecemos dignificarla por principio natural. Tengamos presente, que all\u00ed donde el mando oprime, no puede haber buen gobierno ni tampoco buen coexistir.<\/p>\n<p>&nbsp;<\/p>\n<p>Es lo m\u00e1s, vivir y dejar vivir, cuando menos liberados del temor y de la miseria, con el disfrute de la libertad como vuelo, el regocijo de sentirse seguro y jam\u00e1s abandonado. Sin obviar que hoy es el ma\u00f1ana por el que nos preocup\u00e1bamos ayer, se nos viene a la mente, la firme convicci\u00f3n de los padres fundadores de la Uni\u00f3n Europea, los cuales deseaban tomar la pompa del acuerdo, favoreciendo el entendimiento y la unidad entre las naciones. Perpetuemos este anhelo innato de integraci\u00f3n y fraternizaci\u00f3n entre pueblos. Ahora nos toca, sin duda, practicar la inclusi\u00f3n mediante una laboriosidad permanente de apertura y alianza entre culturas. No se puede bajar la guardia. Nadie madura ni alcanza su plenitud encerr\u00e1ndose, cerc\u00e1ndose y discriminando a su antojo, cuando lo que hemos de mostrar es ese esp\u00edritu de permanente servicio, m\u00e1s all\u00e1 de las propias fronteras de cada cual, pues tan esencial como la vida misma, quiz\u00e1s sea promover el desarrollo de relaciones amistosas entre los pa\u00edses, as\u00ed como practicar la cohesi\u00f3n social para no desechar a nadie, y menos un ser humano, de nuestro \u00e1mbito viviente.<\/p>\n<p>&nbsp;<\/p>\n<p><strong>V\u00edctor CORCOBA HERRERO \/ Escritor<\/strong><\/p>\n<p><strong><a href=\"mailto:corcoba@telefonica.net\">corcoba@telefonica.net<\/a><\/strong><\/p>\n<p><strong>23 de octubre de 2020.-<\/strong><\/p>\n","protected":false},"excerpt":{"rendered":"<p>\u201cTodos volamos en un mismo globo, donde el mal de uno perjudica a los dem\u00e1s\u201d \u00a0 ============================= V\u00edctor CORCOBA HERRERO\/ Escritor corcoba@telefonica.net\u00a0\u00a0\u00a0\u00a0\u00a0\u00a0\u00a0\u00a0\u00a0\u00a0\u00a0\u00a0\u00a0\u00a0\u00a0\u00a0\u00a0\u00a0\u00a0\u00a0\u00a0\u00a0\u00a0\u00a0\u00a0\u00a0 ============================= &nbsp; La&hellip;<\/p>\n","protected":false},"author":99,"featured_media":0,"comment_status":"open","ping_status":"open","sticky":false,"template":"","format":"standard","meta":{"footnotes":""},"categories":[11353,81],"tags":[],"class_list":["post-494496","post","type-post","status-publish","format-standard","hentry","category-algo-mas-que-palabras","category-columnistas"],"_links":{"self":[{"href":"https:\/\/diarioelpopular.com\/index.php\/wp-json\/wp\/v2\/posts\/494496","targetHints":{"allow":["GET"]}}],"collection":[{"href":"https:\/\/diarioelpopular.com\/index.php\/wp-json\/wp\/v2\/posts"}],"about":[{"href":"https:\/\/diarioelpopular.com\/index.php\/wp-json\/wp\/v2\/types\/post"}],"author":[{"embeddable":true,"href":"https:\/\/diarioelpopular.com\/index.php\/wp-json\/wp\/v2\/users\/99"}],"replies":[{"embeddable":true,"href":"https:\/\/diarioelpopular.com\/index.php\/wp-json\/wp\/v2\/comments?post=494496"}],"version-history":[{"count":1,"href":"https:\/\/diarioelpopular.com\/index.php\/wp-json\/wp\/v2\/posts\/494496\/revisions"}],"predecessor-version":[{"id":494497,"href":"https:\/\/diarioelpopular.com\/index.php\/wp-json\/wp\/v2\/posts\/494496\/revisions\/494497"}],"wp:attachment":[{"href":"https:\/\/diarioelpopular.com\/index.php\/wp-json\/wp\/v2\/media?parent=494496"}],"wp:term":[{"taxonomy":"category","embeddable":true,"href":"https:\/\/diarioelpopular.com\/index.php\/wp-json\/wp\/v2\/categories?post=494496"},{"taxonomy":"post_tag","embeddable":true,"href":"https:\/\/diarioelpopular.com\/index.php\/wp-json\/wp\/v2\/tags?post=494496"}],"curies":[{"name":"wp","href":"https:\/\/api.w.org\/{rel}","templated":true}]}}