{"id":494510,"date":"2020-10-23T09:55:58","date_gmt":"2020-10-23T13:55:58","guid":{"rendered":"https:\/\/diarioelpopular.com\/?p=494510"},"modified":"2020-10-23T09:55:58","modified_gmt":"2020-10-23T13:55:58","slug":"respaldo-de-bachelet-al-acuerdo-de-paz","status":"publish","type":"post","link":"https:\/\/diarioelpopular.com\/index.php\/2020\/10\/23\/respaldo-de-bachelet-al-acuerdo-de-paz\/","title":{"rendered":"Respaldo de Bachelet al acuerdo de paz"},"content":{"rendered":"<div id=\"attachment_494511\" style=\"width: 160px\" class=\"wp-caption alignnone\"><img loading=\"lazy\" decoding=\"async\" aria-describedby=\"caption-attachment-494511\" class=\"size-thumbnail wp-image-494511\" src=\"https:\/\/diarioelpopular.com\/wp-content\/uploads\/2020\/10\/f75dea779e82c939a72a998086ea6fb5-150x150.jpg\" alt=\"\" width=\"150\" height=\"150\" \/><p id=\"caption-attachment-494511\" class=\"wp-caption-text\"><em>La chilena Michelle Bachelet, alta comisionada ONU para los derechos humanos.<\/em><\/p><\/div>\n<h4><em><strong>Voz de apoyo de la ONU, mientras derecha insiste en fin a la Paz<\/strong><\/em><\/h4>\n<p><em><strong>BOGOTA, 23 OCT &#8211;<\/strong> <\/em>Michelle Bachelet, alta comisionada de la ONU para los Derechos Humanos, sali\u00f3 en respaldo del sistema de justicia transicional creado en el acuerdo de paz colombiano, tras sostener una reuni\u00f3n con sus voceros y en momentos en que sectores locales de derecha insisten en acabar con la pacificaci\u00f3n.<br \/>\n&#8220;Mi oficina expresa su total apoyo al Sistema Integral de Verdad, Justicia, Reparaci\u00f3n y No Repetici\u00f3n, que constituye la piedra angular del hist\u00f3rico acuerdo de paz firmado en 2016 entre el gobierno -en representaci\u00f3n del Estado colombiano- y las FARC-EP para poner fin a m\u00e1s de 50 a\u00f1os de conflicto armado en el pa\u00eds&#8221;, expres\u00f3 Bachelet.<br \/>\nEl Sistema Integral de Verdad, Justicia, Reparaci\u00f3n y No Repetici\u00f3n re\u00fane a la Jurisdicci\u00f3n Especial para la Paz (JEP), el tribunal en el que se tramitan los cr\u00edmenes de 50 a\u00f1os de guerra; adem\u00e1s de la Unidad de B\u00fasqueda de Personas dadas por Desaparecidas y la Comisi\u00f3n de la Verdad.<br \/>\nLos presidentes de esas tres instancias sostuvieron este jueves una reuni\u00f3n con la Alta Comisionada a quien le presentaron los &#8220;avances&#8221; y &#8220;desaf\u00edos&#8221; que enfrenta la implementaci\u00f3n del acuerdo de paz, tras cuatro a\u00f1os de su firma.<br \/>\nLa expresidenta chilena sostuvo que los &#8220;procesos de justicia transicional son uno de los instrumentos m\u00e1s poderosos para superar el conflicto y romper el ciclo de violencia e impunidad&#8221;, al tiempo que destac\u00f3 el valor y la &#8220;valent\u00eda&#8221; de las tres instancias que la componen.<br \/>\n&#8220;Su contribuci\u00f3n a la consolidaci\u00f3n de la paz en Colombia ha sido y sigue siendo esencial&#8221;, resalt\u00f3 la Alta Comisionada, que inst\u00f3 al Estado colombiano a brindar todo su apoyo y cooperaci\u00f3n, sin ning\u00fan tipo de condicionamiento, al sistema de justicia transicional.<br \/>\nAdem\u00e1s de &#8220;garantizar la plena independencia de sus mecanismos, incluyendo su autonom\u00eda financiera y la posibilidad de operar en un entorno seguro&#8221;, subray\u00f3.<br \/>\nEl partido de gobierno, el derechista Centro Democr\u00e1tico, no ha desistido en su deseo de acabar con la JEP, el Tribunal a donde ex guerrilleros, antiguos paramilitares, agentes del Estado y militares deben relatar sus desafueros durante la guerra interna para alcanzar rebajas en sus penas.<br \/>\nEl expresidente y exsenador Alvaro Uribe, l\u00edder pol\u00edtico del Centro Democr\u00e1tico, afirm\u00f3 hace dos semanas, tras recuperar su libertad, que &#8220;debemos insistir en la derogatoria de la JEP y en la reforma de los acuerdos de La Habana&#8221; y propuso para ello un referendo, que por ahora no tuvo eco m\u00e1s all\u00e1 de los seguidores de sus ideas pol\u00edticas.<br \/>\nEl gobierno de Iv\u00e1n Duque, cuyo mentor pol\u00edtico es Uribe, ha optado por mantener un posici\u00f3n neutra frente a la derogatoria y ha insistido ante instancias como la ONU en su compromiso con la implementaci\u00f3n del acuerdo de paz, pese a que sectores sociales y de oposici\u00f3n resaltan sus desaciertos respecto a este tema.<br \/>\nEn su encuentro de hoy, las tres instancias del sistema de justicia transicional le revelaron a Bachelet de los avances en sus labores y le manifestaron sus &#8220;preocupaciones&#8221; frente al &#8220;recrudecimiento&#8221; de la violencia en algunos sectores del pa\u00eds que han conducido al asesinato de lideres sociales y exFARC.<br \/>\n&#8220;A este panorama, se suma la no aprobaci\u00f3n de recursos adicionales solicitados (al gobierno, NDR) por la JEP para 2021, necesarios para brindar protecci\u00f3n a v\u00edctimas, testigos e intervinientes; representar judicialmente a las v\u00edctimas y garantizar una justicia m\u00e1s \u00e1gil, transparente y digital&#8221;, ampliaron las tres instancias del sistema de justicia transicional en un comunicado, en el que dieron cuenta de la reuni\u00f3n con la Alta Comisionada.<\/p>\n","protected":false},"excerpt":{"rendered":"<p>Voz de apoyo de la ONU, mientras derecha insiste en fin a la Paz BOGOTA, 23 OCT &#8211; Michelle Bachelet, alta comisionada de la ONU&hellip;<\/p>\n","protected":false},"author":99,"featured_media":0,"comment_status":"open","ping_status":"open","sticky":false,"template":"","format":"standard","meta":{"footnotes":""},"categories":[23],"tags":[],"class_list":["post-494510","post","type-post","status-publish","format-standard","hentry","category-latinoamerica"],"_links":{"self":[{"href":"https:\/\/diarioelpopular.com\/index.php\/wp-json\/wp\/v2\/posts\/494510","targetHints":{"allow":["GET"]}}],"collection":[{"href":"https:\/\/diarioelpopular.com\/index.php\/wp-json\/wp\/v2\/posts"}],"about":[{"href":"https:\/\/diarioelpopular.com\/index.php\/wp-json\/wp\/v2\/types\/post"}],"author":[{"embeddable":true,"href":"https:\/\/diarioelpopular.com\/index.php\/wp-json\/wp\/v2\/users\/99"}],"replies":[{"embeddable":true,"href":"https:\/\/diarioelpopular.com\/index.php\/wp-json\/wp\/v2\/comments?post=494510"}],"version-history":[{"count":1,"href":"https:\/\/diarioelpopular.com\/index.php\/wp-json\/wp\/v2\/posts\/494510\/revisions"}],"predecessor-version":[{"id":494512,"href":"https:\/\/diarioelpopular.com\/index.php\/wp-json\/wp\/v2\/posts\/494510\/revisions\/494512"}],"wp:attachment":[{"href":"https:\/\/diarioelpopular.com\/index.php\/wp-json\/wp\/v2\/media?parent=494510"}],"wp:term":[{"taxonomy":"category","embeddable":true,"href":"https:\/\/diarioelpopular.com\/index.php\/wp-json\/wp\/v2\/categories?post=494510"},{"taxonomy":"post_tag","embeddable":true,"href":"https:\/\/diarioelpopular.com\/index.php\/wp-json\/wp\/v2\/tags?post=494510"}],"curies":[{"name":"wp","href":"https:\/\/api.w.org\/{rel}","templated":true}]}}