{"id":494525,"date":"2020-10-24T11:28:54","date_gmt":"2020-10-24T15:28:54","guid":{"rendered":"https:\/\/diarioelpopular.com\/?p=494525"},"modified":"2020-10-24T11:28:54","modified_gmt":"2020-10-24T15:28:54","slug":"devaluar-o-no-devaluar-el-dilema-argentino","status":"publish","type":"post","link":"https:\/\/diarioelpopular.com\/index.php\/2020\/10\/24\/devaluar-o-no-devaluar-el-dilema-argentino\/","title":{"rendered":"Devaluar o no devaluar, el dilema argentino"},"content":{"rendered":"<div id=\"attachment_494526\" style=\"width: 160px\" class=\"wp-caption alignnone\"><img loading=\"lazy\" decoding=\"async\" aria-describedby=\"caption-attachment-494526\" class=\"size-thumbnail wp-image-494526\" src=\"https:\/\/diarioelpopular.com\/wp-content\/uploads\/2020\/10\/0c3fdabdd5a521d83a6e86802df47862-150x150.jpg\" alt=\"\" width=\"150\" height=\"150\" \/><p id=\"caption-attachment-494526\" class=\"wp-caption-text\"><em>Casa de cambio en el centro de Buenos Aires (foto: EPA)<\/em><\/p><\/div>\n<h4><em><strong>El mercado presiona, hay rumores pero el ministro Guzm\u00e1n resiste<\/strong><\/em><\/h4>\n<p><em><strong>BUENOS AIRES 24 OCT &#8211;<\/strong><\/em> El ministro de Econom\u00eda de Argentina, Mart\u00edn Guzm\u00e1n, asegur\u00f3 enf\u00e1tico que su gobierno no va a devaluar la moneda, un procedimiento recurrente en la historia del pa\u00eds, mientras el mercado financiero presiona y el d\u00f3lar blue (cotizaci\u00f3n no oficial) sigue en alza, recalienta pujas pol\u00edticas y agita rumores de cambios en el gabinete.<br \/>\n&#8220;Tenemos las condiciones y los elementos para continuar con la pol\u00edtica cambiaria y no hacer una devaluaci\u00f3n&#8221;, dijo Guzm\u00e1n.<br \/>\nEntrevistado en la emisora de radio Con Vos, el jefe de la cartera econ\u00f3mica admiti\u00f3 que la brecha entre el d\u00f3lar oficial y las cotizaciones paralelas (hoy en el mercado negro la moneda estadounidense cotizaba a 190 pesos por unidad, con casi 141% de diferencia con la pizarra oficial) provoca problemas en la econom\u00eda.<br \/>\n&#8220;Tenemos una brecha cambiaria muy elevada, pero tambi\u00e9n se da una circunstancia en la que tenemos super\u00e1vit comercial, no hay pago de deuda externa en el corto plazo y tenemos 41 mil millones de d\u00f3lares en el Banco Central&#8221;, detall\u00f3.<br \/>\n&#8220;La grieta (puja pol\u00edtica entre oficialistas y opositores, NDR) tiene un costo econ\u00f3mico, una sociedad fracturada tiene m\u00e1s dificultades para mantener una econom\u00eda tranquila, es una tarea colectiva&#8221;, a\u00f1adi\u00f3 Guzm\u00e1n, vinculado acad\u00e9micamente con el estadounidense Joseph Stiglitz, premio Nobel de Econom\u00eda 2001.<br \/>\nLa usina de rumores crece en el mercado, en las redes y en los medios de prensa, desde donde se especulaba hoy con cambios en el gabinete e incluso con la salida de Guzm\u00e1n.<br \/>\nLos controles sobre el peso y el aumento de la impresi\u00f3n de dinero ante la crisis que gest\u00f3 la pandemia est\u00e1n aumentando en Argentina problemas econ\u00f3micos preexistentes al colapso sanitario, como una recesi\u00f3n de tres a\u00f1os y una de las tasas de inflaci\u00f3n m\u00e1s altas de Am\u00e9rica Latina (proyecci\u00f3n de m\u00e1s de 40% para 2020).<br \/>\nPese a las desmentidas del gobierno y los mensajes de calma, se est\u00e1n disparando los resquemores en los consumidores, que creen que se avecina una devaluaci\u00f3n, como las muchas en la historia reciente de argentina. La confianza en el gobierno se marchita.<br \/>\nArgentina aplic\u00f3 ese dr\u00e1stico proceso en 1958, 1962, 1975, 1981, 1989, 2002 y 2019, cuando la gesti\u00f3n de Mauricio Macri devalu\u00f3 la moneda 359%, teniendo en cuenta la cotizaci\u00f3n oficial, o casi 600% si se considera el mercado negro.<br \/>\nEn el actual contexto y con los antecedentes hist\u00f3ricos que sistem\u00e1ticamente dejaron a la moneda local sin valor, muchos pasan sus ahorros de pesos a d\u00f3lares y alimentan una eventual corrida cambiaria.<br \/>\n&#8220;La pol\u00edtica de devaluaci\u00f3n de la moneda nacional es la respuesta com\u00fan a los desequilibrios sostenidos en la cuenta corriente del balance de pagos que los pa\u00edses perif\u00e9ricos semi industrializados&#8221;, sostienen los acad\u00e9micos Mariano F\u00e9liz y Pablo Chena en su trabajo anal\u00edtico &#8220;Ciclos y devaluaciones en Argentina, un enfoque heterodoxo&#8221;.<br \/>\nPero tambi\u00e9n alertan que, en econom\u00edas como las latinoamericanas, &#8220;son los trabajadores quienes tienden a pagar los costos del ajuste externo a las necesidades de valorizaci\u00f3n del capital, es decir a los requisitos de producci\u00f3n y realizaci\u00f3n de ganancias&#8221;.<br \/>\nEl 40,9% de la poblaci\u00f3n argentina se encontraba en la pobreza al cierre del primer semestre, seg\u00fan datos del INDEC (ente estad\u00edstico estatal), lo que implica un aumento del 5,5% en relaci\u00f3n al mismo per\u00edodo de 2019.<br \/>\nAs\u00ed, una devaluaci\u00f3n ser\u00eda letal para los sectores m\u00e1s vulnerables.<br \/>\nEmpero, un comunicado de un grupo de bonistas, aunque minoritario, el Grupo Exchange, lanz\u00f3 dura presi\u00f3n en las \u00faltimas horas.<br \/>\n&#8220;Las autoridades econ\u00f3micas de Argentina no solo no lograron restablecer la confianza, sino que las medidas pol\u00edticas adoptadas inmediatamente despu\u00e9s de la reestructuraci\u00f3n de la deuda empeoraron dr\u00e1sticamente la crisis econ\u00f3mica del pa\u00eds&#8221;, se\u00f1alaron.<br \/>\nLo cierto es que desde el 15 de septiembre no se logr\u00f3 detener la sangr\u00eda de reservas del Banco Central (BCRA). De acuerdo a los datos oficiales, la entidad vendi\u00f3 d\u00f3lares por 1.290 millones de d\u00f3lares en 18 d\u00edas, unos 59 millones diarios.<br \/>\nUn ritmo imposibles de sostener.<br \/>\nPese a todo, el Fondo Monetario Internacional (FMI) parece estar esta vez del lado del gobierno argentino.<br \/>\nSeg\u00fan trascendi\u00f3, el FMI le pedir\u00e1 al Guzm\u00e1n que lleve el d\u00f3lar en el mercado oficial r\u00e1pidamente a unos 136 pesos para acortar la brecha, aceptar\u00e1 que desdoble el tipo de cambio y podr\u00eda aportar 3 mil millones de d\u00f3lares si la Argentina los solicita para enfrentar la corrida cambiaria.<br \/>\nArgentina negocia actualmente con el Fondo para lograr que el organismo internacional apruebe el pr\u00f3ximo programa y el rumbo parece alentador.<br \/>\nAyer, Alejandro Werner, director del Departamento del Hemisferio Occidental del organismo multilateral dijo que las medidas de Argentina necesitan &#8220;generar un consenso amplio de la sociedad de la necesidad de estas medidas&#8221;.<br \/>\n&#8220;Es el trabajo que las autoridades est\u00e1n realizando para que este programa no s\u00f3lo sea un programa t\u00e9cnicamente s\u00f3lido sino que tenga un apoyo amplio en su implementaci\u00f3n y tenga los efectos deseados&#8221;, ampli\u00f3. Es decir, generar confianza, lo que no abunda en la actualidad.<\/p>\n","protected":false},"excerpt":{"rendered":"<p>El mercado presiona, hay rumores pero el ministro Guzm\u00e1n resiste BUENOS AIRES 24 OCT &#8211; El ministro de Econom\u00eda de Argentina, Mart\u00edn Guzm\u00e1n, asegur\u00f3 enf\u00e1tico&hellip;<\/p>\n","protected":false},"author":99,"featured_media":0,"comment_status":"open","ping_status":"open","sticky":false,"template":"","format":"standard","meta":{"footnotes":""},"categories":[23],"tags":[],"class_list":["post-494525","post","type-post","status-publish","format-standard","hentry","category-latinoamerica"],"_links":{"self":[{"href":"https:\/\/diarioelpopular.com\/index.php\/wp-json\/wp\/v2\/posts\/494525","targetHints":{"allow":["GET"]}}],"collection":[{"href":"https:\/\/diarioelpopular.com\/index.php\/wp-json\/wp\/v2\/posts"}],"about":[{"href":"https:\/\/diarioelpopular.com\/index.php\/wp-json\/wp\/v2\/types\/post"}],"author":[{"embeddable":true,"href":"https:\/\/diarioelpopular.com\/index.php\/wp-json\/wp\/v2\/users\/99"}],"replies":[{"embeddable":true,"href":"https:\/\/diarioelpopular.com\/index.php\/wp-json\/wp\/v2\/comments?post=494525"}],"version-history":[{"count":1,"href":"https:\/\/diarioelpopular.com\/index.php\/wp-json\/wp\/v2\/posts\/494525\/revisions"}],"predecessor-version":[{"id":494527,"href":"https:\/\/diarioelpopular.com\/index.php\/wp-json\/wp\/v2\/posts\/494525\/revisions\/494527"}],"wp:attachment":[{"href":"https:\/\/diarioelpopular.com\/index.php\/wp-json\/wp\/v2\/media?parent=494525"}],"wp:term":[{"taxonomy":"category","embeddable":true,"href":"https:\/\/diarioelpopular.com\/index.php\/wp-json\/wp\/v2\/categories?post=494525"},{"taxonomy":"post_tag","embeddable":true,"href":"https:\/\/diarioelpopular.com\/index.php\/wp-json\/wp\/v2\/tags?post=494525"}],"curies":[{"name":"wp","href":"https:\/\/api.w.org\/{rel}","templated":true}]}}