{"id":494531,"date":"2020-10-24T11:34:51","date_gmt":"2020-10-24T15:34:51","guid":{"rendered":"https:\/\/diarioelpopular.com\/?p=494531"},"modified":"2020-10-24T11:34:51","modified_gmt":"2020-10-24T15:34:51","slug":"evo-morales-viajo-por-sorpresa-a-venezuela","status":"publish","type":"post","link":"https:\/\/diarioelpopular.com\/index.php\/2020\/10\/24\/evo-morales-viajo-por-sorpresa-a-venezuela\/","title":{"rendered":"Evo Morales viaj\u00f3 por sorpresa a Venezuela"},"content":{"rendered":"<div id=\"attachment_494532\" style=\"width: 160px\" class=\"wp-caption alignnone\"><img loading=\"lazy\" decoding=\"async\" aria-describedby=\"caption-attachment-494532\" class=\"size-thumbnail wp-image-494532\" src=\"https:\/\/diarioelpopular.com\/wp-content\/uploads\/2020\/10\/ffaec880bdab2c470b22f6c31463d0b6-150x150.jpg\" alt=\"\" width=\"150\" height=\"150\" \/><p id=\"caption-attachment-494532\" class=\"wp-caption-text\"><em>Evo Morales expresidente de Bolivia.<\/em><\/p><\/div>\n<h4><em><strong>Visita a Caracas, tras victoria del MAS en elecciones bolivianas<\/strong><\/em><\/h4>\n<p><em><strong>BUENOS AIRES 23 OCT &#8211;<\/strong> <\/em>El expresidente de Bolivia Evo Morales, asilado en Argentina, viaj\u00f3 sorpresivamente la noche de este viernes hacia Venezuela, informaron fuentes de su entorno sin mayores precisiones.<br \/>\n&#8220;S\u00ed viaj\u00f3 a Caracas, por unos pocos d\u00edas&#8221;, indicaron allegados al l\u00edder socialista, que estar\u00eda dos d\u00edas en suelo venezolano y ser\u00e1 seguramente recibido por el presidente Nicol\u00e1s Maduro.<br \/>\nEl lunes estar\u00e1 de regreso en Buenos Aires para celebrar su cumplea\u00f1os 61.<br \/>\nMorales parti\u00f3 en un avi\u00f3n Embraer Lineage 1000 de la aerol\u00ednea estatal venezolana Conviasa, en un vuelo oficial ordenado por Maduro, inform\u00f3 el portal de noticias Infobae de Argentina.<br \/>\nEl l\u00edder del Movimiento Al Socialismo parti\u00f3 a las 17:15 hora argentina (20.15 GMT) en un avi\u00f3n Embraer Lineage 1000, con los colores de la aerol\u00ednea estatal venezolana y embarc\u00f3 desde el sector FBO VIP del Aeropuerto de Ezeiza, seg\u00fan confirmaron a la agencia estatal de noticias T\u00e9lam fuentes oficiales y aeroportuarias.<br \/>\nMorales est\u00e1 asilado en Argentina desde diciembre de 2019, luego de un breve paso por M\u00e9xico, tras su salida forzada de Bolivia, el \u00faltimo 10 de noviembre.<br \/>\nPresiones militares y civiles obligaron al l\u00edder a renunciar como presidente de Bolivia, luego de que una comisi\u00f3n de la Organizaci\u00f3n de Estados Americanos (OEA) denunci\u00f3 fraude electoral.<br \/>\nEl MAS y Morales calificaron esa acci\u00f3n como &#8220;un golpe de estado&#8221;.<br \/>\nTras casi un a\u00f1o, el MAS se impuso en elecciones en Bolivia y este viernes el candidato de esa fuerza Luis Arce fue confirmado por el Tribunal Supremo Electoral como nuevo presidente del pa\u00eds.<\/p>\n","protected":false},"excerpt":{"rendered":"<p>Visita a Caracas, tras victoria del MAS en elecciones bolivianas BUENOS AIRES 23 OCT &#8211; El expresidente de Bolivia Evo Morales, asilado en Argentina, viaj\u00f3&hellip;<\/p>\n","protected":false},"author":99,"featured_media":0,"comment_status":"open","ping_status":"open","sticky":false,"template":"","format":"standard","meta":{"footnotes":""},"categories":[23],"tags":[],"class_list":["post-494531","post","type-post","status-publish","format-standard","hentry","category-latinoamerica"],"_links":{"self":[{"href":"https:\/\/diarioelpopular.com\/index.php\/wp-json\/wp\/v2\/posts\/494531","targetHints":{"allow":["GET"]}}],"collection":[{"href":"https:\/\/diarioelpopular.com\/index.php\/wp-json\/wp\/v2\/posts"}],"about":[{"href":"https:\/\/diarioelpopular.com\/index.php\/wp-json\/wp\/v2\/types\/post"}],"author":[{"embeddable":true,"href":"https:\/\/diarioelpopular.com\/index.php\/wp-json\/wp\/v2\/users\/99"}],"replies":[{"embeddable":true,"href":"https:\/\/diarioelpopular.com\/index.php\/wp-json\/wp\/v2\/comments?post=494531"}],"version-history":[{"count":1,"href":"https:\/\/diarioelpopular.com\/index.php\/wp-json\/wp\/v2\/posts\/494531\/revisions"}],"predecessor-version":[{"id":494533,"href":"https:\/\/diarioelpopular.com\/index.php\/wp-json\/wp\/v2\/posts\/494531\/revisions\/494533"}],"wp:attachment":[{"href":"https:\/\/diarioelpopular.com\/index.php\/wp-json\/wp\/v2\/media?parent=494531"}],"wp:term":[{"taxonomy":"category","embeddable":true,"href":"https:\/\/diarioelpopular.com\/index.php\/wp-json\/wp\/v2\/categories?post=494531"},{"taxonomy":"post_tag","embeddable":true,"href":"https:\/\/diarioelpopular.com\/index.php\/wp-json\/wp\/v2\/tags?post=494531"}],"curies":[{"name":"wp","href":"https:\/\/api.w.org\/{rel}","templated":true}]}}