{"id":494541,"date":"2020-10-25T11:26:55","date_gmt":"2020-10-25T15:26:55","guid":{"rendered":"https:\/\/diarioelpopular.com\/?p=494541"},"modified":"2020-10-25T11:26:55","modified_gmt":"2020-10-25T15:26:55","slug":"colombia-rebasa-el-millon-de-infectados","status":"publish","type":"post","link":"https:\/\/diarioelpopular.com\/index.php\/2020\/10\/25\/colombia-rebasa-el-millon-de-infectados\/","title":{"rendered":"Colombia rebasa el mill\u00f3n de infectados"},"content":{"rendered":"<div id=\"attachment_494542\" style=\"width: 160px\" class=\"wp-caption alignnone\"><img loading=\"lazy\" decoding=\"async\" aria-describedby=\"caption-attachment-494542\" class=\"size-thumbnail wp-image-494542\" src=\"https:\/\/diarioelpopular.com\/wp-content\/uploads\/2020\/10\/219a77407dddc7ef97d2cc24de45d352-150x150.jpg\" alt=\"\" width=\"150\" height=\"150\" \/><p id=\"caption-attachment-494542\" class=\"wp-caption-text\"><em>Emblem\u00e1tico tapabocas en las calles de Bogot\u00e1. No todos con ese vocabulario.<\/em><\/p><\/div>\n<p><em><strong>BOGOTA 25 OCT &#8211;<\/strong><\/em> Colombia super\u00f3 la l\u00ednea impactante del mill\u00f3n de casos de Covid-19, con 8.769 nuevos contagios en las \u00faltimas 24 horas, lo que elev\u00f3 el total a 1.007.711 desde que se detect\u00f3 el primer caso el 6 de marzo, un pasajero proveniente de Italia.<br \/>\nDe esta forma, Colombia es el octavo pa\u00eds del mundo en superar el mill\u00f3n de casos y aunque menos del 7 % contin\u00faan activos, la pandemia tiene en alerta a las autoridades que no descartan un rebrote por el aumento de las cifras en algunas regiones en los \u00faltimos d\u00edas.<br \/>\nEl n\u00famero de muertes se elev\u00f3 a 30.000, 198 de ellas consignadas en el \u00faltimo balance del ministerio de Salud, que seg\u00fan las autoridades no refleja el n\u00famero de decesos ocurridos en esas 24 horas, sino que ractualiza datos de los \u00faltimos 10 d\u00edas.<br \/>\nDesde el 6 de marzo, cuando se confirm\u00f3 el primer contagio, la curva de casos positivos ascendi\u00f3 hasta agosto, el peor mes de la pandemia en Colombia, que cerr\u00f3 con 615.168 infectados.<br \/>\nEn septiembre las cifras empezaron a ceder pero desde entonces nunca han estado por debajo de los 5.000 infectados diarios, aunque los casos activos s\u00ed que lo han hecho y hoy son 68.008, equivalentes al 6,75 %.<br \/>\nLos pacientes recuperados suman 907.379, lo que representa el 90 % del total.<br \/>\nEl gobierno colombiano decret\u00f3 un confinamiento nacional el 25 de marzo, pero fue relajando las medidas ante el descalabro de la econom\u00eda, hasta apostar desde el 1 de septiembre por una estrategia basada en el autocuidado y el uso generalizado de barbijos en lugares p\u00fablicos.<br \/>\nCon 308.645 casos registrados en siete meses y medio de epidemia, Bogot\u00e1 concentra un tercio del total de contagios y es la ciudad m\u00e1s castigada por el virus.<br \/>\nEl presidente Iv\u00e1n Duque asegura haber asignado recursos cercanos al 11% del PIB (unos 31.000 millones de d\u00f3lares) para atender la emergencia.<br \/>\nAun as\u00ed, el desempleo urbano trep\u00f3 en agosto hasta la cifra hist\u00f3rica de 19,6%, en medio de una lenta reactivaci\u00f3n econ\u00f3mica.<\/p>\n","protected":false},"excerpt":{"rendered":"<p>BOGOTA 25 OCT &#8211; Colombia super\u00f3 la l\u00ednea impactante del mill\u00f3n de casos de Covid-19, con 8.769 nuevos contagios en las \u00faltimas 24 horas, lo&hellip;<\/p>\n","protected":false},"author":99,"featured_media":0,"comment_status":"open","ping_status":"open","sticky":false,"template":"","format":"standard","meta":{"footnotes":""},"categories":[23],"tags":[],"class_list":["post-494541","post","type-post","status-publish","format-standard","hentry","category-latinoamerica"],"_links":{"self":[{"href":"https:\/\/diarioelpopular.com\/index.php\/wp-json\/wp\/v2\/posts\/494541","targetHints":{"allow":["GET"]}}],"collection":[{"href":"https:\/\/diarioelpopular.com\/index.php\/wp-json\/wp\/v2\/posts"}],"about":[{"href":"https:\/\/diarioelpopular.com\/index.php\/wp-json\/wp\/v2\/types\/post"}],"author":[{"embeddable":true,"href":"https:\/\/diarioelpopular.com\/index.php\/wp-json\/wp\/v2\/users\/99"}],"replies":[{"embeddable":true,"href":"https:\/\/diarioelpopular.com\/index.php\/wp-json\/wp\/v2\/comments?post=494541"}],"version-history":[{"count":1,"href":"https:\/\/diarioelpopular.com\/index.php\/wp-json\/wp\/v2\/posts\/494541\/revisions"}],"predecessor-version":[{"id":494543,"href":"https:\/\/diarioelpopular.com\/index.php\/wp-json\/wp\/v2\/posts\/494541\/revisions\/494543"}],"wp:attachment":[{"href":"https:\/\/diarioelpopular.com\/index.php\/wp-json\/wp\/v2\/media?parent=494541"}],"wp:term":[{"taxonomy":"category","embeddable":true,"href":"https:\/\/diarioelpopular.com\/index.php\/wp-json\/wp\/v2\/categories?post=494541"},{"taxonomy":"post_tag","embeddable":true,"href":"https:\/\/diarioelpopular.com\/index.php\/wp-json\/wp\/v2\/tags?post=494541"}],"curies":[{"name":"wp","href":"https:\/\/api.w.org\/{rel}","templated":true}]}}