{"id":494563,"date":"2020-10-27T09:46:57","date_gmt":"2020-10-27T13:46:57","guid":{"rendered":"https:\/\/diarioelpopular.com\/?p=494563"},"modified":"2020-10-27T09:46:57","modified_gmt":"2020-10-27T13:46:57","slug":"evo-morales-sortea-su-detencion","status":"publish","type":"post","link":"https:\/\/diarioelpopular.com\/index.php\/2020\/10\/27\/evo-morales-sortea-su-detencion\/","title":{"rendered":"Evo Morales sortea su detenci\u00f3n"},"content":{"rendered":"<div id=\"attachment_494564\" style=\"width: 160px\" class=\"wp-caption alignnone\"><img loading=\"lazy\" decoding=\"async\" aria-describedby=\"caption-attachment-494564\" class=\"size-thumbnail wp-image-494564\" src=\"https:\/\/diarioelpopular.com\/wp-content\/uploads\/2020\/10\/f8895e6842011c38ba6f991ec0a2862e-150x150.jpg\" alt=\"\" width=\"150\" height=\"150\" \/><p id=\"caption-attachment-494564\" class=\"wp-caption-text\"><em>Expresidente de Bolivia, Evo Morales.<\/em><\/p><\/div>\n<h4><em><strong>Causa por sedici\u00f3n. L\u00edder de cumplea\u00f1os pero paradero en sombras<\/strong><\/em><\/h4>\n<p><em><strong>BUENOS AIRES Y LA PAZ, 26 OCT &#8211;<\/strong><\/em> La orden de imputaci\u00f3n y detenci\u00f3n contra el expresidente boliviano Evo Morales por los delitos de sedici\u00f3n y terrorismo qued\u00f3 sin efecto en su pa\u00eds, justo en el d\u00eda de su 61 cumplea\u00f1os y cuando el paradero del l\u00edder est\u00e1 rodeado de misterios.<br \/>\nEl presidente del Tribunal Departamental de Justicia (TDJ) de La Paz, Jorge Quino, inform\u00f3 que se resolvi\u00f3 dejar sin efecto el proceso al l\u00edder del Movimiento Al Socialismo (MAS), lo que clarifica el camino para su regreso a Bolivia.<br \/>\nLas autoridades judiciales bolivianas declararon procedente un recurso de acci\u00f3n de libertad interpuesto por la defensa de Morales, al considerar que se vulneraron derechos fundamentales del exmandatario, como el de la defensa, dijo Quino, en entrevista con la televisora Unitel.<br \/>\nPor este caso, Morales estaba citado a una audiencia este martes 27 de octubre. Sin embargo, la defensa aleg\u00f3 que el expresidente no recibi\u00f3 ninguna citaci\u00f3n ni notificaci\u00f3n.<br \/>\n&#8220;Al se\u00f1or expresidente se le habr\u00eda citado mediante edictos, cuando en realidad los fiscales, hasta los medios de prensa ten\u00edan conocimiento de que ya el se\u00f1or estaba viviendo en Argentina&#8221;, dijo Quino.<br \/>\nMorales se asil\u00f3 el a\u00f1o pasado en Argentina, luego de que fuera forzado a renunciar a su cargo, ante presiones militares y civiles, disparadas cuando una comisi\u00f3n de la Organizaci\u00f3n de Estados Americanos (OEA) consider\u00f3 su victoria electoral y su reelecci\u00f3n como fraudulentas.<br \/>\nD\u00edas atr\u00e1s, un a\u00f1o despu\u00e9s, el candidato del MAS, Luis Arce, se impuso con contundencia en nuevas elecciones y se convirti\u00f3 en presidente electo del pa\u00eds,en una elecciones en las que Morales fue impedido de participar.<br \/>\nEl fallo del TSE a favor de Morales, que se conoce a una semana del triunfo de Arce, pasar\u00e1 al Tribunal Constitucional Plurinacional, que deber\u00e1 ratificar o rechazar la decisi\u00f3n de los estados de La Paz.<br \/>\nLa denuncia contra Morales fue presentada por ministro del Interior del Gobierno interino (para el MAS, &#8220;de facto&#8221;) de Bolivia, Arturo Murillo, poco despu\u00e9s de la salida del pa\u00eds del l\u00edder ind\u00edgena.<br \/>\nMurillo bas\u00f3 la denuncia en un video en el que se aprecia a un supuesto dirigente de Cochabamba, identificado como Faustino Yucra, conversando presuntamente con Morales, donde el depuesto mandatario se supone que le indicaba c\u00f3mo organizar los bloqueos en el pa\u00eds para protestar contra la autoproclamada presidenta interina, Jeanine A\u00f1ez.<br \/>\nLas autoridades interinas bolivianas hab\u00edan solicitado a Interpol la orden de detenci\u00f3n contra Morales, pero el organismo internacional la rechaz\u00f3, por su connotaci\u00f3n pol\u00edtica.<br \/>\nEn tanto, el paradero de Morales era hoy un misterio, luego de que el exmandatario abandonara Buenos Aires sorpresivamente el viernes pasado en un avi\u00f3n de la compa\u00f1\u00eda estatal venezolana rumbo a Caracas.<br \/>\nEl presidente de Venezuela, Nicol\u00e1s Maduro, asegur\u00f3 que Morales estuvo en Caracas, incluso fue entrevistado por el ministro de Cultura, Ernesto Villegas en su programa emitido por YouTube, pero a distancia, por lo que la imagen emitida no confirma a rajatabla su presencia en ese pa\u00eds.<br \/>\nEl silencio y hermetismo de su entorno en Buenos Aires, habitualmente locuaz con la prensa local, encendi\u00f3 dudas sobre el verdadero destino de fin de semana de Morales.<br \/>\nIncluso, el desplazamiento del l\u00edder podr\u00eda estar ligado a razones que exceden el marco pol\u00edtico. De hecho, ya exiliado en Argentina, Morales visit\u00f3 en febrero pasado Cuba, para controles m\u00e9dicos tras haber sido operado en ese pa\u00eds de un tumor benigno en las cuerdas vocales en 2017.<br \/>\nEl regreso de Morales a Buenos Aires no pudo ser confirmado este lunes por ANSA ante el hermetismo de sus allegados. Pero, colaboradores del dirigente cocalero comentaron que en la capital argentina se prepara un intimista festejo de cumplea\u00f1os para esta noche.<br \/>\n&#8220;Hay compradas dos tortas artesanales que ser\u00e1n sorpresa.<br \/>\nC\u00f3mo no va a estar Evo ah\u00ed&#8221;, dijeron esas fuentes, en medio de las incertidumbres que sigue agitando su inesperado viaje.<br \/>\nEmpero, en medio de la pandemia, la opci\u00f3n de un brindis virtual a la distancia siempre est\u00e1 latente.<\/p>\n","protected":false},"excerpt":{"rendered":"<p>Causa por sedici\u00f3n. L\u00edder de cumplea\u00f1os pero paradero en sombras BUENOS AIRES Y LA PAZ, 26 OCT &#8211; La orden de imputaci\u00f3n y detenci\u00f3n contra&hellip;<\/p>\n","protected":false},"author":99,"featured_media":0,"comment_status":"open","ping_status":"open","sticky":false,"template":"","format":"standard","meta":{"footnotes":""},"categories":[23],"tags":[],"class_list":["post-494563","post","type-post","status-publish","format-standard","hentry","category-latinoamerica"],"_links":{"self":[{"href":"https:\/\/diarioelpopular.com\/index.php\/wp-json\/wp\/v2\/posts\/494563","targetHints":{"allow":["GET"]}}],"collection":[{"href":"https:\/\/diarioelpopular.com\/index.php\/wp-json\/wp\/v2\/posts"}],"about":[{"href":"https:\/\/diarioelpopular.com\/index.php\/wp-json\/wp\/v2\/types\/post"}],"author":[{"embeddable":true,"href":"https:\/\/diarioelpopular.com\/index.php\/wp-json\/wp\/v2\/users\/99"}],"replies":[{"embeddable":true,"href":"https:\/\/diarioelpopular.com\/index.php\/wp-json\/wp\/v2\/comments?post=494563"}],"version-history":[{"count":1,"href":"https:\/\/diarioelpopular.com\/index.php\/wp-json\/wp\/v2\/posts\/494563\/revisions"}],"predecessor-version":[{"id":494565,"href":"https:\/\/diarioelpopular.com\/index.php\/wp-json\/wp\/v2\/posts\/494563\/revisions\/494565"}],"wp:attachment":[{"href":"https:\/\/diarioelpopular.com\/index.php\/wp-json\/wp\/v2\/media?parent=494563"}],"wp:term":[{"taxonomy":"category","embeddable":true,"href":"https:\/\/diarioelpopular.com\/index.php\/wp-json\/wp\/v2\/categories?post=494563"},{"taxonomy":"post_tag","embeddable":true,"href":"https:\/\/diarioelpopular.com\/index.php\/wp-json\/wp\/v2\/tags?post=494563"}],"curies":[{"name":"wp","href":"https:\/\/api.w.org\/{rel}","templated":true}]}}