{"id":494583,"date":"2020-10-28T22:00:24","date_gmt":"2020-10-29T02:00:24","guid":{"rendered":"https:\/\/diarioelpopular.com\/?p=494583"},"modified":"2020-10-28T22:00:24","modified_gmt":"2020-10-29T02:00:24","slug":"mexico-rebelion-gobernadores-complica-ofensiva","status":"publish","type":"post","link":"https:\/\/diarioelpopular.com\/index.php\/2020\/10\/28\/mexico-rebelion-gobernadores-complica-ofensiva\/","title":{"rendered":"M\u00e9xico. Rebeli\u00f3n gobernadores complica ofensiva"},"content":{"rendered":"<div id=\"attachment_494584\" style=\"width: 160px\" class=\"wp-caption alignnone\"><img loading=\"lazy\" decoding=\"async\" aria-describedby=\"caption-attachment-494584\" class=\"size-thumbnail wp-image-494584\" src=\"https:\/\/diarioelpopular.com\/wp-content\/uploads\/2020\/10\/aed53a1f3128c5c821e9c33e77389836-150x150.jpg\" alt=\"\" width=\"150\" height=\"150\" \/><p id=\"caption-attachment-494584\" class=\"wp-caption-text\"><em>Coronavirus en M\u00e9xico. (foto: EPA)<\/em><\/p><\/div>\n<h4><em><strong>Pelea de mandatarios contra Obrador escala<\/strong><\/em><\/h4>\n<p>La rebeli\u00f3n de 10 gobernadores de oposici\u00f3n contra el presidente mexicano Andr\u00e9s L\u00f3pez Obrador, agrupados en la autodenominada Alianza Federalista, amenaza con complicar la ofensiva contra la pandemia de Covid-19.<\/p>\n<p>Los jefes provinciales, la mayor\u00eda del Partido Acci\u00f3n Nacional (PAN, derecha), exigieron mayor presupuesto para las necesidades de sus estados y &#8220;no solo para satisfacer la agenda presidencial&#8221;, en una proclama que fue calificada por un diario local como &#8220;un aut\u00e9ntico mot\u00edn a bordo&#8221;.<\/p>\n<p>&#8220;No vamos a permitir ni el abuso ni el atropello. Si la respuesta sigue siendo la indiferencia y los o\u00eddos sordos, estamos listos para dar la batalla pol\u00edtica y legal&#8221;, se\u00f1al\u00f3 el gobernador del estado norte\u00f1o de Chihuahua Javier Corral.<\/p>\n<p>&#8220;De no escuchar a nuestros estados, puede ser el inicio del rompimiento del pacto federal&#8221;, afirm\u00f3.<\/p>\n<p>L\u00f3pez Obrador desestim\u00f3 las quejas de un tercio de los gobernadores, la mayor\u00eda de la pr\u00f3spera regi\u00f3n norte de M\u00e9xico, que se muestran en contra del &#8220;centralismo&#8221; y de subsidiar a estados pobres, argumentando de que se realizan con fines electorales, de cara a los comicios intermedios del a\u00f1o pr\u00f3ximo.<\/p>\n<p>El presidente consider\u00f3 que &#8220;no hay ninguna posibilidad de que se rompa el pacto federal&#8221;, algo en lo que concuerdan los analistas pol\u00edticos, que ven muy lejana la posibilidad de un cisma o una declaraci\u00f3n de independencia de algunos estados.<\/p>\n<p>Sin embargo, los expertos no descartan que pueda generar creciente malestar y atizar conflictos locales.<\/p>\n<p>&#8220;Si tienen vocaci\u00f3n democr\u00e1tica tend\u00edan que preguntarle a los ciudadanos que gobiernan&#8221;, afirm\u00f3 L\u00f3pez Obrador, quien dijo que &#8220;no hay nada que temer porque la gente ya no se deja manipular, aun cuando a nuestros adversarios o los medios de comunicaci\u00f3n le den todos los espacios&#8221;.<\/p>\n<p>Varios gobernadores rebeldes de inmediato le tomaron la palabra y anunciaron que organizar\u00e1n referendos para preguntarle a los ciudadanos que gobiernan si est\u00e1n dispuestos a mantener el statu quo.<\/p>\n<p>Ante el reclamo de los gobernadores d\u00edscolos para reunirse con el primer mandatario, \u00e9ste se neg\u00f3 a recibirlos bajo el argumento de que &#8220;hay que cuidar la investidura presidencial&#8221;.<\/p>\n<p>En respuesta al manifiesto de los mandatarios disidentes, gobernadores leales al jefe de Estado, pertenecientes al gobernante Movimiento de Regeneraci\u00f3n Nacional (Morena, izquierda), manifestaron su respaldo a L\u00f3pez Obrador.}<\/p>\n<p>En una carta p\u00fablica, acusaron a los rebeldes de &#8220;lanzar amagos en su desesperaci\u00f3n ante las pr\u00f3ximas elecciones&#8221;.<\/p>\n<p>&#8220;Es irresponsable e inconstitucional el planteamiento de los gobernadores de oposici\u00f3n&#8221;, indicaron en otro comunicado conjunto, suscrito entre otros por la influyente jefa de gobierno de la capital, Claudia Sheinbaum.<\/p>\n<p>&#8220;Entendemos que la dificultad electoral que enfrentan en sus estados por las elecciones del 2021 los lleve a una desesperada acci\u00f3n por llamar la atenci\u00f3n&#8221;, se\u00f1alaron.<\/p>\n<p>En medio de esta controversia, el gobernador del estado sure\u00f1o de Oaxaca, Alejandro Murat, llam\u00f3 a sus colegas a la &#8220;unidad&#8221;, a &#8220;reflexionar, coordinarnos, construir, no destruir, sumar, no dividir&#8221; porque &#8220;es lo que da resultados&#8221;.<\/p>\n<p>Expertos en materia sanitaria alertaron sobre el riesgo de que escale el conflicto entre el presidente y algunos gobernadores, que podr\u00eda abonar a un mayor descontrol de la pandemia de coronavirus y estimaron que los estados est\u00e1n &#8220;tomando medidas desarticuladas ante escenarios de riesgo&#8221;.<\/p>\n<p>Justamente uno de los l\u00edderes de la rebeli\u00f3n, Javier Corral, gobierna el estado que encabeza el repunte de contagios de la enfermedad en el pa\u00eds, y donde el pasado viernes se orden\u00f3 un regreso a la cuarentena y se estableci\u00f3 el &#8220;toque de queda&#8221;.<\/p>\n<p>M\u00e9xico acumula 901.268 contagios y 89.814 muertes por Covid-19 y se ubica en octavo lugar a nivel mundial en fallecimientos con relaci\u00f3n a sus habitantes.<\/p>\n<p>Alejandro Mac\u00edas, ex comisionado nacional contra la Influenza, cuando estall\u00f3 la pandemia en 2009, se\u00f1al\u00f3 que los desacuerdos no ayudan a &#8220;generalizar medidas preventivas b\u00e1sicas&#8221; que pueden impedir el repunte de los casos.<\/p>\n<p>&#8220;Se tiene que hacer una reapertura ordenada, lo cual significa generalizar el uso de cubrebocas, recomendar la ventilaci\u00f3n de los espacios aunque haga fr\u00edo y que la gente que est\u00e9 enferma avise de inmediato para revisarla&#8221;, se\u00f1al\u00f3..<\/p>\n","protected":false},"excerpt":{"rendered":"<p>Pelea de mandatarios contra Obrador escala La rebeli\u00f3n de 10 gobernadores de oposici\u00f3n contra el presidente mexicano Andr\u00e9s L\u00f3pez Obrador, agrupados en la autodenominada Alianza&hellip;<\/p>\n","protected":false},"author":99,"featured_media":0,"comment_status":"open","ping_status":"open","sticky":false,"template":"","format":"standard","meta":{"footnotes":""},"categories":[23],"tags":[],"class_list":["post-494583","post","type-post","status-publish","format-standard","hentry","category-latinoamerica"],"_links":{"self":[{"href":"https:\/\/diarioelpopular.com\/index.php\/wp-json\/wp\/v2\/posts\/494583","targetHints":{"allow":["GET"]}}],"collection":[{"href":"https:\/\/diarioelpopular.com\/index.php\/wp-json\/wp\/v2\/posts"}],"about":[{"href":"https:\/\/diarioelpopular.com\/index.php\/wp-json\/wp\/v2\/types\/post"}],"author":[{"embeddable":true,"href":"https:\/\/diarioelpopular.com\/index.php\/wp-json\/wp\/v2\/users\/99"}],"replies":[{"embeddable":true,"href":"https:\/\/diarioelpopular.com\/index.php\/wp-json\/wp\/v2\/comments?post=494583"}],"version-history":[{"count":1,"href":"https:\/\/diarioelpopular.com\/index.php\/wp-json\/wp\/v2\/posts\/494583\/revisions"}],"predecessor-version":[{"id":494586,"href":"https:\/\/diarioelpopular.com\/index.php\/wp-json\/wp\/v2\/posts\/494583\/revisions\/494586"}],"wp:attachment":[{"href":"https:\/\/diarioelpopular.com\/index.php\/wp-json\/wp\/v2\/media?parent=494583"}],"wp:term":[{"taxonomy":"category","embeddable":true,"href":"https:\/\/diarioelpopular.com\/index.php\/wp-json\/wp\/v2\/categories?post=494583"},{"taxonomy":"post_tag","embeddable":true,"href":"https:\/\/diarioelpopular.com\/index.php\/wp-json\/wp\/v2\/tags?post=494583"}],"curies":[{"name":"wp","href":"https:\/\/api.w.org\/{rel}","templated":true}]}}